{"id":6427,"date":"2018-06-10T19:05:21","date_gmt":"2018-06-10T18:05:21","guid":{"rendered":"http:\/\/ostrowska.tv\/?p=6427"},"modified":"2018-06-10T19:05:21","modified_gmt":"2018-06-10T18:05:21","slug":"wypadek-w-warsztach-12-osob-podrozowalo-w-autach","status":"publish","type":"post","link":"https:\/\/ostrowskatv.pl\/?p=6427","title":{"rendered":"Wypadek w Warsztach. 12 os\u00f3b podr\u00f3\u017cowa\u0142o w autach"},"content":{"rendered":"<p><strong>Na drodze krajowej nr 36, na trasie Ostr\u00f3w Wlkp. &#8211; Krotoszyn zderzy\u0142y si\u0119 dwa samochody. Do szpitala zabrano 5 os\u00f3b, w tym 3 dzieci.\u00a0 W sumie w pojazdach, kt\u00f3re zatrzyma\u0142y si\u0119 po zdarzeniu, jecha\u0142o 12 os\u00f3b.\u00a0<\/strong><\/p>\n<p>Samochody jecha\u0142y w stron\u0119 Krotoszyna. W miejscowo\u015bci Warszty, po drodze krajowej jecha\u0142a rowerzystka. Z ty\u0142u nadje\u017cd\u017ca\u0142 Peugeot, kt\u00f3rego kieruj\u0105ca nie zd\u0105\u017cy\u0142a wyprzedzi\u0107 rowerzystki przed jad\u0105cym z przeciwka autem i dlatego zacz\u0119\u0142a gwa\u0142townie hamowa\u0107. Za Peugeotem zatrzyma\u0142 si\u0119 Volkswagen Passat, a za nim Renault Scenic. W tego ostatniego uderzy\u0142 inny Peugeot, w kt\u00f3rym podr\u00f3\u017cowa\u0142a para do\u015b\u0107 m\u0142odych ludzi. Kierowca b\u0119d\u0105cy sprawc\u0105 zdarzenia, dozna\u0142 urazu nogi, a jego pasa\u017cerka mia\u0142a opatrzony palec.<\/p>\n<p>Do szpitala przewieziono m.in. tr\u00f3jk\u0119 dzieci podr\u00f3\u017cuj\u0105cych Renault. Jedna z os\u00f3b uskar\u017ca\u0142a si\u0119 na b\u00f3l szyi. Uraz okaza\u0142 si\u0119 niegro\u017anym st\u0142uczeniem kr\u0119gos\u0142upa szyjnego. Ca\u0142o\u015b\u0107 zakwalifikowano jako kolizj\u0119, cho\u0107 do zdarzenia zadysponowano kilka karetek i \u015bmig\u0142owiec Lotniczego Pogotowia Ratunkowego.<\/p>\n<div id='gallery-1' class='gallery galleryid-6427 gallery-columns-3 gallery-size-thumbnail'><figure class='gallery-item'>\n\t\t\t<div class='gallery-icon landscape'>\n\t\t\t\t<a href='https:\/\/ostrowskatv.pl\/?attachment_id=6428'><img loading=\"lazy\" decoding=\"async\" width=\"150\" height=\"150\" src=\"https:\/\/ostrowskatv.pl\/wp-content\/uploads\/2018\/06\/warszty03-150x150.jpg\" class=\"attachment-thumbnail size-thumbnail\" alt=\"\" \/><\/a>\n\t\t\t<\/div><\/figure><figure class='gallery-item'>\n\t\t\t<div class='gallery-icon landscape'>\n\t\t\t\t<a href='https:\/\/ostrowskatv.pl\/?attachment_id=6429'><img loading=\"lazy\" decoding=\"async\" width=\"150\" height=\"150\" src=\"https:\/\/ostrowskatv.pl\/wp-content\/uploads\/2018\/06\/warszty02-150x150.jpg\" class=\"attachment-thumbnail size-thumbnail\" alt=\"\" \/><\/a>\n\t\t\t<\/div><\/figure><figure class='gallery-item'>\n\t\t\t<div class='gallery-icon landscape'>\n\t\t\t\t<a href='https:\/\/ostrowskatv.pl\/?attachment_id=6430'><img loading=\"lazy\" decoding=\"async\" width=\"150\" height=\"150\" src=\"https:\/\/ostrowskatv.pl\/wp-content\/uploads\/2018\/06\/warszty01-150x150.jpg\" class=\"attachment-thumbnail size-thumbnail\" alt=\"\" \/><\/a>\n\t\t\t<\/div><\/figure>\n\t\t<\/div>\n\n","protected":false},"excerpt":{"rendered":"Na drodze krajowej nr 36, na trasie Ostr\u00f3w Wlkp. &#8211; Krotoszyn zderzy\u0142y si\u0119 dwa samochody. Do szpitala zabrano 5 os\u00f3b, w tym 3 \n<a class=\"moretag\" href=\"https:\/\/ostrowskatv.pl\/?p=6427\"> [...]<\/a>","protected":false},"author":1,"featured_media":6430,"comment_status":"open","ping_status":"closed","sticky":false,"template":"","format":"standard","meta":{"footnotes":""},"categories":[1],"tags":[48],"class_list":["post-6427","post","type-post","status-publish","format-standard","has-post-thumbnail","hentry","category-news","tag-kolizja"],"_links":{"self":[{"href":"https:\/\/ostrowskatv.pl\/index.php?rest_route=\/wp\/v2\/posts\/6427","targetHints":{"allow":["GET"]}}],"collection":[{"href":"https:\/\/ostrowskatv.pl\/index.php?rest_route=\/wp\/v2\/posts"}],"about":[{"href":"https:\/\/ostrowskatv.pl\/index.php?rest_route=\/wp\/v2\/types\/post"}],"author":[{"embeddable":true,"href":"https:\/\/ostrowskatv.pl\/index.php?rest_route=\/wp\/v2\/users\/1"}],"replies":[{"embeddable":true,"href":"https:\/\/ostrowskatv.pl\/index.php?rest_route=%2Fwp%2Fv2%2Fcomments&post=6427"}],"version-history":[{"count":0,"href":"https:\/\/ostrowskatv.pl\/index.php?rest_route=\/wp\/v2\/posts\/6427\/revisions"}],"wp:featuredmedia":[{"embeddable":true,"href":"https:\/\/ostrowskatv.pl\/index.php?rest_route=\/wp\/v2\/media\/6430"}],"wp:attachment":[{"href":"https:\/\/ostrowskatv.pl\/index.php?rest_route=%2Fwp%2Fv2%2Fmedia&parent=6427"}],"wp:term":[{"taxonomy":"category","embeddable":true,"href":"https:\/\/ostrowskatv.pl\/index.php?rest_route=%2Fwp%2Fv2%2Fcategories&post=6427"},{"taxonomy":"post_tag","embeddable":true,"href":"https:\/\/ostrowskatv.pl\/index.php?rest_route=%2Fwp%2Fv2%2Ftags&post=6427"}],"curies":[{"name":"wp","href":"https:\/\/api.w.org\/{rel}","templated":true}]}}