{"id":6417,"date":"2018-06-07T15:32:50","date_gmt":"2018-06-07T14:32:50","guid":{"rendered":"http:\/\/ostrowska.tv\/?p=6417"},"modified":"2018-06-07T15:35:01","modified_gmt":"2018-06-07T14:35:01","slug":"zamierzali-sciac-dojrzale-drzewa-wstrzymano-wycinke","status":"publish","type":"post","link":"https:\/\/ostrowskatv.pl\/?p=6417","title":{"rendered":"Zamierzali \u015bci\u0105\u0107 dojrza\u0142e drzewa. Wstrzymano wycink\u0119"},"content":{"rendered":"<p><strong>Fala oburzenia wyp\u0142yn\u0119\u0142a z powodu zamiaru wyci\u0119cie dojrza\u0142ych wiekiem drzew. Zamiar taki by\u0142 spowodowany budow\u0105 \u015bcie\u017cki rowerowej przy ulicy Wysockiej w Ostrowie Wielkopolskim. Inwestorem jest powiat ostrowski. Wed\u0142ug pocz\u0105tkowego za\u0142o\u017cenia chciano wyci\u0105\u0107 oko\u0142o 10 drzew, w tym oko\u0142o 100-letnie kasztany.<\/strong><\/p>\n<p>W tym tygodniu zacz\u0119to wycina\u0107 drzewa. Znajdowa\u0142y si\u0119 na nich gniazda ptak\u00f3w. Mieszka\u0144cy po zorientowaniu si\u0119 w sytuacji, wyrazili \u017cal na portalu spo\u0142eczno\u015bciowym.<\/p>\n<hr \/>\n<p><span class=\" UFICommentActorAndBody\"><span class=\"\"><a id=\"js_165\" class=\" UFICommentActorName\" dir=\"ltr\" href=\"https:\/\/www.facebook.com\/monika.derdas.5?fref=ufi\" target=\"_self\" data-ft=\"{&quot;tn&quot;:&quot;;&quot;}\" data-hovercard=\"\/ajax\/hovercard\/hovercard.php?id=100004637347462&amp;extragetparams=%7B%22is_public%22%3Afalse%2C%22hc_location%22%3A%22ufi%22%7D\" aria-describedby=\"js_164\" aria-owns=\"\">Monika Derdas-Banaszak<\/a><\/span> <em><span class=\"UFICommentBody\">Nie no debile <span class=\"_47e3 _5mfr\"><img loading=\"lazy\" decoding=\"async\" class=\"img\" src=\"https:\/\/static.xx.fbcdn.net\/images\/emoji.php\/v9\/fc\/1\/16\/1f620.png\" alt=\"\" width=\"16\" height=\"16\" \/><span class=\"_7oe\">&#x1f620;<\/span><\/span> wytna drzewa kt\u00f3re rosn\u0105 kilkadziesi\u0105t lat nie m\u00f3wi\u0105c o tych ptaszkach i ich gniazdach <span class=\"_47e3 _5mfr\"><img loading=\"lazy\" decoding=\"async\" class=\"img\" src=\"https:\/\/static.xx.fbcdn.net\/images\/emoji.php\/v9\/f91\/1\/16\/1f625.png\" alt=\"\" width=\"16\" height=\"16\" \/><span class=\"_7oe\">&#x1f625;<\/span><\/span><span class=\"_47e3 _5mfr\"><img loading=\"lazy\" decoding=\"async\" class=\"img\" src=\"https:\/\/static.xx.fbcdn.net\/images\/emoji.php\/v9\/f91\/1\/16\/1f625.png\" alt=\"\" width=\"16\" height=\"16\" \/><span class=\"_7oe\">&#x1f625;<\/span><\/span><span class=\"_47e3 _5mfr\"><img loading=\"lazy\" decoding=\"async\" class=\"img\" src=\"https:\/\/static.xx.fbcdn.net\/images\/emoji.php\/v9\/f91\/1\/16\/1f625.png\" alt=\"\" width=\"16\" height=\"16\" \/><span class=\"_7oe\">&#x1f625;<\/span><\/span> brak s\u0142\u00f3w bo komu\u015b si\u0119 zachcia\u0142o \u015bcie\u017cki rowerowej a przyroda??? Masakra szkoda gada\u0107 <span class=\"_47e3 _5mfr\"><img loading=\"lazy\" decoding=\"async\" class=\"img\" src=\"https:\/\/static.xx.fbcdn.net\/images\/emoji.php\/v9\/fc\/1\/16\/1f620.png\" alt=\"\" width=\"16\" height=\"16\" \/><span class=\"_7oe\">&#x1f620;<\/span><\/span><span class=\"_47e3 _5mfr\"><img loading=\"lazy\" decoding=\"async\" class=\"img\" src=\"https:\/\/static.xx.fbcdn.net\/images\/emoji.php\/v9\/fc\/1\/16\/1f620.png\" alt=\"\" width=\"16\" height=\"16\" \/><span class=\"_7oe\">&#x1f620;<\/span><\/span><span class=\"_47e3 _5mfr\"><img loading=\"lazy\" decoding=\"async\" class=\"img\" src=\"https:\/\/static.xx.fbcdn.net\/images\/emoji.php\/v9\/fc\/1\/16\/1f620.png\" alt=\"\" width=\"16\" height=\"16\" \/><\/span><\/span><\/em><\/span><\/p>\n<p><span class=\" UFICommentActorAndBody\"><span class=\"\"><a class=\" UFICommentActorName\" dir=\"ltr\" href=\"https:\/\/www.facebook.com\/Miawko?fref=ufi\" target=\"_self\" data-ft=\"{&quot;tn&quot;:&quot;;&quot;}\" data-hovercard=\"\/ajax\/hovercard\/hovercard.php?id=1232268816&amp;extragetparams=%7B%22is_public%22%3Afalse%2C%22hc_location%22%3A%22ufi%22%7D\">Marta Szewczak<\/a><\/span> <span data-ft=\"{&quot;tn&quot;:&quot;K&quot;}\"><span class=\"UFICommentBody\">No\u017c kuna. I kolejna patelniowata ulica b\u0119dzie?!<\/span><\/span><\/span><\/p>\n<p><span class=\" UFICommentActorAndBody\"><span class=\"\"><a class=\" UFICommentActorName\" dir=\"ltr\" href=\"https:\/\/www.facebook.com\/bozena.blaszczak.33?fref=ufi\" target=\"_self\" data-ft=\"{&quot;tn&quot;:&quot;;&quot;}\" data-hovercard=\"\/ajax\/hovercard\/hovercard.php?id=100009917251244&amp;extragetparams=%7B%22is_public%22%3Afalse%2C%22hc_location%22%3A%22ufi%22%7D\">Bozena Blaszczak<\/a><\/span> <span data-ft=\"{&quot;tn&quot;:&quot;K&quot;}\"><span class=\"UFICommentBody\">A my\u015bla\u0142am \u017ce do ludzi ju\u017c dotar\u0142o \u017ce przyrody nie nala\u017cy niszczy\u0107.Skandal.Kto wyda\u0142 tak\u0105 decyzj\u0119?<\/span><\/span><\/span><\/p>\n<p><span class=\" UFICommentActorAndBody\"><span class=\"\"><a class=\" UFICommentActorName\" dir=\"ltr\" href=\"https:\/\/www.facebook.com\/weronika.konczy?fref=ufi\" target=\"_self\" data-ft=\"{&quot;tn&quot;:&quot;;&quot;}\" data-hovercard=\"\/ajax\/hovercard\/hovercard.php?id=100000039540330&amp;extragetparams=%7B%22is_public%22%3Afalse%2C%22hc_location%22%3A%22ufi%22%7D\">Weronika Ko\u0144czy<\/a><\/span> <span data-ft=\"{&quot;tn&quot;:&quot;K&quot;}\"><span class=\"UFICommentBody _1n4g\">To co si\u0119 dzieje ostatnimi czasy z drzewami w Ostrowie, to skandal. Drzewa, kt\u00f3re kiedy\u015b zachwyca\u0142y bujnymi koronami dzisiaj wygl\u0105daj\u0105 jak palmy, widz\u0119 to szczeg\u00f3lnie na osiedlu na Strzeleckiej i na starym cmentarzu (!). Mieszka\u0144cy dzwoni\u0105 do sp\u00f3\u0142dzielni bo \u201eza ciemno\u201d, \u201ebo ptaki brudz\u0105 im samoch\u00f3d\u201d i po problemie &#8211; ga\u0142\u0119zie s\u0105 sukcesywnie wycinane. Ale mo\u017cna by inaczej, z wi\u0119kszym szacunkiem i rozmys\u0142em, gdyby tylko kogokolwiek kto jest decyzyjny, to obchodzi\u0142o, gdyby kultura i \u015bwiadomo\u015b\u0107 by\u0142a szersza. Dla por\u00f3wnania &#8211; mieszkam w Warszawie, na du\u017cym osiedlu, od czterech lat nie widzia\u0142am tutaj ani jednej ekipy, kt\u00f3ra ingerowa\u0142yby w jakikolwiek spos\u00f3b w natur\u0119, ale do tego potrzeba m\u0105drych w\u0142adz i wra\u017cliwych ludzi.<\/span><\/span><\/span><\/p>\n<hr \/>\n<p>Interwencja mieszka\u0144c\u00f3w spowodowa\u0142a zwo\u0142anie specjalnego zespo\u0142u, kt\u00f3ry przeanalizowa\u0142 podj\u0119t\u0105 wcze\u015bniej decyzj\u0119. Prace zosta\u0142y wstrzymane, a projektant nani\u00f3s\u0142 poprawki. Widoczno\u015b\u0107 b\u0119dzie gorsza, momentami b\u0119dzie w\u0105sko, ale okaza\u0142e drzewa pozostan\u0105. Poza dwoma, kt\u00f3re zd\u0105\u017cono \u015bci\u0105\u0107. Cho\u0107 w tych przypadkach mia\u0142 to by\u0107 jesion. Jedno z tych drzew by\u0142o w z\u0142ym stanie.<\/p>\n<p>Pomys\u0142 przewidywa\u0142 wybudowanie \u015bcie\u017cki rowerowej od siedziby OZC przy ul. Wysockiej do ZUS-u. P\u00f3\u017aniej wariant zmodyfikowano. Druga i aktualna opcja zak\u0142ada\u0142a poprowadzenie jej do ul. Paderewskiego przy stadionie.<\/p>\n<p>&#8211; Po wczorajszej burzy sprawdzono i domierzono i przyj\u0119to rozwi\u0105zanie &#8222;gorsze&#8221; drogowo, bo nie poprawi widoczno\u015bci, pojawi\u0105 si\u0119 te\u017c zw\u0119\u017cenia, ale na pr\u00f3b\u0119 zostanie wdro\u017cony elastyczny wariant. W razie du\u017cych problem\u00f3w, powr\u00f3cimy do tematu wycinki. &#8211; powiedzia\u0142 Piotr \u015aniegowski z Powiatowego Zarz\u0105du Dr\u00f3g. Najwa\u017cniejsze, \u017ce w\u0142adze powiatu ostrowskiego potrafi\u0142y wys\u0142ucha\u0107 g\u0142osu mieszka\u0144c\u00f3w i zmieni\u0107 kontrowersyjn\u0105 decyzj\u0119.<\/p>\n<p>Przypomnijmy, \u017ce na skrzy\u017cowaniu ulic Wysocka\/Paderewskiego powstaje rondo, podobne do tego przy ul. \u015amigielskiego.<\/p>\n<div id='gallery-1' class='gallery galleryid-6417 gallery-columns-3 gallery-size-thumbnail'><figure class='gallery-item'>\n\t\t\t<div class='gallery-icon portrait'>\n\t\t\t\t<a href='https:\/\/ostrowskatv.pl\/?attachment_id=6421'><img loading=\"lazy\" decoding=\"async\" width=\"150\" height=\"150\" src=\"https:\/\/ostrowskatv.pl\/wp-content\/uploads\/2018\/06\/wysocka04-150x150.jpg\" class=\"attachment-thumbnail size-thumbnail\" alt=\"\" \/><\/a>\n\t\t\t<\/div><\/figure><figure class='gallery-item'>\n\t\t\t<div class='gallery-icon portrait'>\n\t\t\t\t<a href='https:\/\/ostrowskatv.pl\/?attachment_id=6420'><img loading=\"lazy\" decoding=\"async\" width=\"150\" height=\"150\" src=\"https:\/\/ostrowskatv.pl\/wp-content\/uploads\/2018\/06\/wysocka03-150x150.jpg\" class=\"attachment-thumbnail size-thumbnail\" alt=\"\" \/><\/a>\n\t\t\t<\/div><\/figure><figure class='gallery-item'>\n\t\t\t<div class='gallery-icon portrait'>\n\t\t\t\t<a href='https:\/\/ostrowskatv.pl\/?attachment_id=6419'><img loading=\"lazy\" decoding=\"async\" width=\"150\" height=\"150\" src=\"https:\/\/ostrowskatv.pl\/wp-content\/uploads\/2018\/06\/wysocka02-150x150.jpg\" class=\"attachment-thumbnail size-thumbnail\" alt=\"\" \/><\/a>\n\t\t\t<\/div><\/figure><figure class='gallery-item'>\n\t\t\t<div class='gallery-icon landscape'>\n\t\t\t\t<a href='https:\/\/ostrowskatv.pl\/?attachment_id=6418'><img loading=\"lazy\" decoding=\"async\" width=\"150\" height=\"150\" src=\"https:\/\/ostrowskatv.pl\/wp-content\/uploads\/2018\/06\/wysocka01-150x150.jpg\" class=\"attachment-thumbnail size-thumbnail\" alt=\"\" \/><\/a>\n\t\t\t<\/div><\/figure>\n\t\t<\/div>\n\n<p>&nbsp;<\/p>\n","protected":false},"excerpt":{"rendered":"Fala oburzenia wyp\u0142yn\u0119\u0142a z powodu zamiaru wyci\u0119cie dojrza\u0142ych wiekiem drzew. Zamiar taki by\u0142 spowodowany budow\u0105 \u015bcie\u017cki rowerowej przy ulicy Wysockiej w Ostrowie Wielkopolskim. \n<a class=\"moretag\" href=\"https:\/\/ostrowskatv.pl\/?p=6417\"> [...]<\/a>","protected":false},"author":1,"featured_media":6422,"comment_status":"open","ping_status":"closed","sticky":false,"template":"","format":"standard","meta":{"footnotes":""},"categories":[1],"tags":[2],"class_list":["post-6417","post","type-post","status-publish","format-standard","has-post-thumbnail","hentry","category-news","tag-ostrow-wielkopolski"],"_links":{"self":[{"href":"https:\/\/ostrowskatv.pl\/index.php?rest_route=\/wp\/v2\/posts\/6417","targetHints":{"allow":["GET"]}}],"collection":[{"href":"https:\/\/ostrowskatv.pl\/index.php?rest_route=\/wp\/v2\/posts"}],"about":[{"href":"https:\/\/ostrowskatv.pl\/index.php?rest_route=\/wp\/v2\/types\/post"}],"author":[{"embeddable":true,"href":"https:\/\/ostrowskatv.pl\/index.php?rest_route=\/wp\/v2\/users\/1"}],"replies":[{"embeddable":true,"href":"https:\/\/ostrowskatv.pl\/index.php?rest_route=%2Fwp%2Fv2%2Fcomments&post=6417"}],"version-history":[{"count":0,"href":"https:\/\/ostrowskatv.pl\/index.php?rest_route=\/wp\/v2\/posts\/6417\/revisions"}],"wp:featuredmedia":[{"embeddable":true,"href":"https:\/\/ostrowskatv.pl\/index.php?rest_route=\/wp\/v2\/media\/6422"}],"wp:attachment":[{"href":"https:\/\/ostrowskatv.pl\/index.php?rest_route=%2Fwp%2Fv2%2Fmedia&parent=6417"}],"wp:term":[{"taxonomy":"category","embeddable":true,"href":"https:\/\/ostrowskatv.pl\/index.php?rest_route=%2Fwp%2Fv2%2Fcategories&post=6417"},{"taxonomy":"post_tag","embeddable":true,"href":"https:\/\/ostrowskatv.pl\/index.php?rest_route=%2Fwp%2Fv2%2Ftags&post=6417"}],"curies":[{"name":"wp","href":"https:\/\/api.w.org\/{rel}","templated":true}]}}