{"id":6407,"date":"2018-06-01T13:45:22","date_gmt":"2018-06-01T12:45:22","guid":{"rendered":"http:\/\/ostrowska.tv\/?p=6407"},"modified":"2018-06-01T14:28:33","modified_gmt":"2018-06-01T13:28:33","slug":"smiertelne-potracenie-na-wojska-polskiego-nie-zyje-mloda-kobieta","status":"publish","type":"post","link":"https:\/\/ostrowskatv.pl\/?p=6407","title":{"rendered":"\u015amiertelne potr\u0105cenie na Wojska Polskiego. Nie \u017cyje m\u0142oda kobieta"},"content":{"rendered":"<p><strong>Pi\u0105tek po Bo\u017cym Ciele bardzo tragicznie sko\u0144czy\u0142 si\u0119 dla m\u0142odej kobiety. Zosta\u0142a \u015bmiertelnie potr\u0105cona przez samoch\u00f3d Fiat Fiorino, kt\u00f3rym kierowa\u0142 przedstawiciel handlowy jednej z firm. Poszkodowana jeszcze na miejscu utraci\u0142a bardzo du\u017c\u0105 ilo\u015b\u0107 krwi. Lekarz stwierdzi\u0142 zgon w szpitalu.<\/strong><\/p>\n<p>Do wypadku dosz\u0142o oko\u0142o godziny 14:00. Kobieta wesz\u0142a na przej\u015bcie dla pieszych przy Kauflandzie. Kierowca Fiata potr\u0105ci\u0142 kobiet\u0119, a ta g\u0142ow\u0105 uderzy\u0142a w s\u0142up, doznaj\u0105c rozleg\u0142ego urazu czaszkowo-m\u00f3zgowego. Kobieta mia\u0142a 42-lata.<\/p>\n<div id='gallery-1' class='gallery galleryid-6407 gallery-columns-3 gallery-size-thumbnail'><figure class='gallery-item'>\n\t\t\t<div class='gallery-icon landscape'>\n\t\t\t\t<a href='https:\/\/ostrowskatv.pl\/?attachment_id=6408'><img loading=\"lazy\" decoding=\"async\" width=\"150\" height=\"150\" src=\"https:\/\/ostrowskatv.pl\/wp-content\/uploads\/2018\/06\/IMG_20180601_141654-150x150.jpg\" class=\"attachment-thumbnail size-thumbnail\" alt=\"\" \/><\/a>\n\t\t\t<\/div><\/figure><figure class='gallery-item'>\n\t\t\t<div class='gallery-icon portrait'>\n\t\t\t\t<a href='https:\/\/ostrowskatv.pl\/?attachment_id=6409'><img loading=\"lazy\" decoding=\"async\" width=\"150\" height=\"150\" src=\"https:\/\/ostrowskatv.pl\/wp-content\/uploads\/2018\/06\/IMG_20180601_142122-150x150.jpg\" class=\"attachment-thumbnail size-thumbnail\" alt=\"\" \/><\/a>\n\t\t\t<\/div><\/figure><figure class='gallery-item'>\n\t\t\t<div class='gallery-icon landscape'>\n\t\t\t\t<a href='https:\/\/ostrowskatv.pl\/?attachment_id=6410'><img loading=\"lazy\" decoding=\"async\" width=\"150\" height=\"150\" src=\"https:\/\/ostrowskatv.pl\/wp-content\/uploads\/2018\/06\/IMG_20180601_141524-150x150.jpg\" class=\"attachment-thumbnail size-thumbnail\" alt=\"\" \/><\/a>\n\t\t\t<\/div><\/figure><figure class='gallery-item'>\n\t\t\t<div class='gallery-icon landscape'>\n\t\t\t\t<a href='https:\/\/ostrowskatv.pl\/?attachment_id=6411'><img loading=\"lazy\" decoding=\"async\" width=\"150\" height=\"150\" src=\"https:\/\/ostrowskatv.pl\/wp-content\/uploads\/2018\/06\/IMG_20180601_141631-150x150.jpg\" class=\"attachment-thumbnail size-thumbnail\" alt=\"\" \/><\/a>\n\t\t\t<\/div><\/figure>\n\t\t<\/div>\n\n","protected":false},"excerpt":{"rendered":"Pi\u0105tek po Bo\u017cym Ciele bardzo tragicznie sko\u0144czy\u0142 si\u0119 dla m\u0142odej kobiety. Zosta\u0142a \u015bmiertelnie potr\u0105cona przez samoch\u00f3d Fiat Fiorino, kt\u00f3rym kierowa\u0142 przedstawiciel handlowy jednej \n<a class=\"moretag\" href=\"https:\/\/ostrowskatv.pl\/?p=6407\"> [...]<\/a>","protected":false},"author":1,"featured_media":6411,"comment_status":"open","ping_status":"closed","sticky":false,"template":"","format":"standard","meta":{"footnotes":""},"categories":[1],"tags":[2],"class_list":["post-6407","post","type-post","status-publish","format-standard","has-post-thumbnail","hentry","category-news","tag-ostrow-wielkopolski"],"_links":{"self":[{"href":"https:\/\/ostrowskatv.pl\/index.php?rest_route=\/wp\/v2\/posts\/6407","targetHints":{"allow":["GET"]}}],"collection":[{"href":"https:\/\/ostrowskatv.pl\/index.php?rest_route=\/wp\/v2\/posts"}],"about":[{"href":"https:\/\/ostrowskatv.pl\/index.php?rest_route=\/wp\/v2\/types\/post"}],"author":[{"embeddable":true,"href":"https:\/\/ostrowskatv.pl\/index.php?rest_route=\/wp\/v2\/users\/1"}],"replies":[{"embeddable":true,"href":"https:\/\/ostrowskatv.pl\/index.php?rest_route=%2Fwp%2Fv2%2Fcomments&post=6407"}],"version-history":[{"count":0,"href":"https:\/\/ostrowskatv.pl\/index.php?rest_route=\/wp\/v2\/posts\/6407\/revisions"}],"wp:featuredmedia":[{"embeddable":true,"href":"https:\/\/ostrowskatv.pl\/index.php?rest_route=\/wp\/v2\/media\/6411"}],"wp:attachment":[{"href":"https:\/\/ostrowskatv.pl\/index.php?rest_route=%2Fwp%2Fv2%2Fmedia&parent=6407"}],"wp:term":[{"taxonomy":"category","embeddable":true,"href":"https:\/\/ostrowskatv.pl\/index.php?rest_route=%2Fwp%2Fv2%2Fcategories&post=6407"},{"taxonomy":"post_tag","embeddable":true,"href":"https:\/\/ostrowskatv.pl\/index.php?rest_route=%2Fwp%2Fv2%2Ftags&post=6407"}],"curies":[{"name":"wp","href":"https:\/\/api.w.org\/{rel}","templated":true}]}}