{"id":639,"date":"2016-03-27T13:16:18","date_gmt":"2016-03-27T12:16:18","guid":{"rendered":"http:\/\/ostrowska.tv\/?p=639"},"modified":"2016-03-27T16:31:43","modified_gmt":"2016-03-27T15:31:43","slug":"motocyklista-wylozyl-sie-na-prostej-drodze","status":"publish","type":"post","link":"https:\/\/ostrowskatv.pl\/?p=639","title":{"rendered":"Motocyklista wy\u0142o\u017cy\u0142 si\u0119 na prostej drodze"},"content":{"rendered":"<p><strong>22-letni motocyklista przewr\u00f3ci\u0142 si\u0119 na prostym odcinku ulicy Konopnickiej, niedaleko ul. Raszkowskiej w Ostrowie Wlkp. Zdaniem jednego ze \u015bwiadk\u00f3w, mia\u0142 wykonywa\u0107 tzn. ostre skr\u0119canie lewo-prawo s\u0142u\u017c\u0105ce do sprawdzenia przyczepno\u015bci\/rozgrzania opon. M\u0142ody kierowca nie opanowa\u0142 maszyny i przewr\u00f3ci\u0142 si\u0119 na bok. Cho\u0107 motocykl ma uszkodzenia na prawym boku, to motocyklista dozna\u0142 urazu lewej r\u0119ki. Zostanie mu prze\u015bwietlona w szpitalu w celu stwierdzenia ewentualnego z\u0142amania\/p\u0119kni\u0119cia ko\u015bci.<\/strong><\/p>\n<div id='gallery-1' class='gallery galleryid-639 gallery-columns-3 gallery-size-thumbnail'><figure class='gallery-item'>\n\t\t\t<div class='gallery-icon landscape'>\n\t\t\t\t<a href='https:\/\/ostrowskatv.pl\/?attachment_id=640'><img loading=\"lazy\" decoding=\"async\" width=\"150\" height=\"150\" src=\"https:\/\/ostrowskatv.pl\/wp-content\/uploads\/2016\/03\/moto-konopnickiej-150x150.jpg\" class=\"attachment-thumbnail size-thumbnail\" alt=\"\" \/><\/a>\n\t\t\t<\/div><\/figure><figure class='gallery-item'>\n\t\t\t<div class='gallery-icon landscape'>\n\t\t\t\t<a href='https:\/\/ostrowskatv.pl\/?attachment_id=641'><img loading=\"lazy\" decoding=\"async\" width=\"150\" height=\"150\" src=\"https:\/\/ostrowskatv.pl\/wp-content\/uploads\/2016\/03\/moto-konopnickiej2-150x150.jpg\" class=\"attachment-thumbnail size-thumbnail\" alt=\"\" \/><\/a>\n\t\t\t<\/div><\/figure>\n\t\t<\/div>\n\n<p>Sam poszkodowany czuje si\u0119 dobrze. I cho\u0107 pozostaje na obserwacji w szpitalu, zdiagnozowano u niego p\u0119kni\u0119cie lewej r\u0119ki. Jak sam twierdzi, straci\u0142 panowanie nad motocyklem po wjechaniu na studzienk\u0119 lub inne nier\u00f3wno\u015bci.<\/p>\n<p><img loading=\"lazy\" decoding=\"async\" class=\"alignnone size-large wp-image-644\" src=\"http:\/\/ostrowska.tv\/wp-content\/uploads\/2016\/03\/poszkodowany-270x360.jpg\" alt=\"poszkodowany\" width=\"270\" height=\"360\" srcset=\"https:\/\/ostrowskatv.pl\/wp-content\/uploads\/2016\/03\/poszkodowany-270x360.jpg 270w, https:\/\/ostrowskatv.pl\/wp-content\/uploads\/2016\/03\/poszkodowany-225x300.jpg 225w, https:\/\/ostrowskatv.pl\/wp-content\/uploads\/2016\/03\/poszkodowany.jpg 480w\" sizes=\"auto, (max-width: 270px) 100vw, 270px\" \/><\/p>\n","protected":false},"excerpt":{"rendered":"22-letni motocyklista przewr\u00f3ci\u0142 si\u0119 na prostym odcinku ulicy Konopnickiej, niedaleko ul. Raszkowskiej w Ostrowie Wlkp. Zdaniem jednego ze \u015bwiadk\u00f3w, mia\u0142 wykonywa\u0107 tzn. ostre \n<a class=\"moretag\" href=\"https:\/\/ostrowskatv.pl\/?p=639\"> [...]<\/a>","protected":false},"author":1,"featured_media":640,"comment_status":"open","ping_status":"open","sticky":false,"template":"","format":"standard","meta":{"footnotes":""},"categories":[1],"tags":[70,2,71],"class_list":["post-639","post","type-post","status-publish","format-standard","has-post-thumbnail","hentry","category-news","tag-motocykl","tag-ostrow-wielkopolski","tag-raszkowska"],"_links":{"self":[{"href":"https:\/\/ostrowskatv.pl\/index.php?rest_route=\/wp\/v2\/posts\/639","targetHints":{"allow":["GET"]}}],"collection":[{"href":"https:\/\/ostrowskatv.pl\/index.php?rest_route=\/wp\/v2\/posts"}],"about":[{"href":"https:\/\/ostrowskatv.pl\/index.php?rest_route=\/wp\/v2\/types\/post"}],"author":[{"embeddable":true,"href":"https:\/\/ostrowskatv.pl\/index.php?rest_route=\/wp\/v2\/users\/1"}],"replies":[{"embeddable":true,"href":"https:\/\/ostrowskatv.pl\/index.php?rest_route=%2Fwp%2Fv2%2Fcomments&post=639"}],"version-history":[{"count":0,"href":"https:\/\/ostrowskatv.pl\/index.php?rest_route=\/wp\/v2\/posts\/639\/revisions"}],"wp:featuredmedia":[{"embeddable":true,"href":"https:\/\/ostrowskatv.pl\/index.php?rest_route=\/wp\/v2\/media\/640"}],"wp:attachment":[{"href":"https:\/\/ostrowskatv.pl\/index.php?rest_route=%2Fwp%2Fv2%2Fmedia&parent=639"}],"wp:term":[{"taxonomy":"category","embeddable":true,"href":"https:\/\/ostrowskatv.pl\/index.php?rest_route=%2Fwp%2Fv2%2Fcategories&post=639"},{"taxonomy":"post_tag","embeddable":true,"href":"https:\/\/ostrowskatv.pl\/index.php?rest_route=%2Fwp%2Fv2%2Ftags&post=639"}],"curies":[{"name":"wp","href":"https:\/\/api.w.org\/{rel}","templated":true}]}}