{"id":6367,"date":"2018-05-28T19:11:59","date_gmt":"2018-05-28T18:11:59","guid":{"rendered":"http:\/\/ostrowska.tv\/?p=6367"},"modified":"2018-05-28T19:11:59","modified_gmt":"2018-05-28T18:11:59","slug":"pozar-domu-przy-gorzyckiej","status":"publish","type":"post","link":"https:\/\/ostrowskatv.pl\/?p=6367","title":{"rendered":"Po\u017car domu przy Gorzyckiej"},"content":{"rendered":"<p><strong>Przed godzin\u0105 19:00 dosz\u0142o do po\u017caru w budynku mieszkalnym przy ul. Gorzyckiej w Ostrowie Wielkopolskim. Spaleniu uleg\u0142o jedno pomieszczenie, a po\u0142owa budynku zosta\u0142a odymiona. Policjanci zatrzymali m\u0119\u017cczyzn\u0119 podejrzewanego o celowe podpalenie domu. W szoku by\u0142a kobieta zamieszkuj\u0105ca dom, kt\u00f3rej stra\u017cacy i pogotowie udzieli\u0142o wsparcia.<\/strong><\/p>\n<p>Na miejsce zadysponowano 5 jednostek stra\u017cy po\u017carnej, z czego jeden w\u00f3z z OSP Ostr\u00f3w Wlkp. Policja ustala co dok\u0142adnie si\u0119 wydarzy\u0142o.<\/p>\n<div id='gallery-1' class='gallery galleryid-6367 gallery-columns-3 gallery-size-thumbnail'><figure class='gallery-item'>\n\t\t\t<div class='gallery-icon landscape'>\n\t\t\t\t<a href='https:\/\/ostrowskatv.pl\/?attachment_id=6368'><img loading=\"lazy\" decoding=\"async\" width=\"150\" height=\"150\" src=\"https:\/\/ostrowskatv.pl\/wp-content\/uploads\/2018\/05\/IMG_20180528_184005-01-150x150.jpg\" class=\"attachment-thumbnail size-thumbnail\" alt=\"\" \/><\/a>\n\t\t\t<\/div><\/figure><figure class='gallery-item'>\n\t\t\t<div class='gallery-icon landscape'>\n\t\t\t\t<a href='https:\/\/ostrowskatv.pl\/?attachment_id=6369'><img loading=\"lazy\" decoding=\"async\" width=\"150\" height=\"150\" src=\"https:\/\/ostrowskatv.pl\/wp-content\/uploads\/2018\/05\/IMG_20180528_184622-01-150x150.jpg\" class=\"attachment-thumbnail size-thumbnail\" alt=\"\" \/><\/a>\n\t\t\t<\/div><\/figure><figure class='gallery-item'>\n\t\t\t<div class='gallery-icon landscape'>\n\t\t\t\t<a href='https:\/\/ostrowskatv.pl\/?attachment_id=6370'><img loading=\"lazy\" decoding=\"async\" width=\"150\" height=\"150\" src=\"https:\/\/ostrowskatv.pl\/wp-content\/uploads\/2018\/05\/IMG_20180528_184836-01-150x150.jpg\" class=\"attachment-thumbnail size-thumbnail\" alt=\"\" aria-describedby=\"gallery-1-6370\" \/><\/a>\n\t\t\t<\/div>\n\t\t\t\t<figcaption class='wp-caption-text gallery-caption' id='gallery-1-6370'>\n\t\t\t\toznor\n\t\t\t\t<\/figcaption><\/figure>\n\t\t<\/div>\n\n","protected":false},"excerpt":{"rendered":"Przed godzin\u0105 19:00 dosz\u0142o do po\u017caru w budynku mieszkalnym przy ul. Gorzyckiej w Ostrowie Wielkopolskim. Spaleniu uleg\u0142o jedno pomieszczenie, a po\u0142owa budynku zosta\u0142a \n<a class=\"moretag\" href=\"https:\/\/ostrowskatv.pl\/?p=6367\"> [...]<\/a>","protected":false},"author":1,"featured_media":6368,"comment_status":"open","ping_status":"closed","sticky":false,"template":"","format":"standard","meta":{"footnotes":""},"categories":[1],"tags":[2],"class_list":["post-6367","post","type-post","status-publish","format-standard","has-post-thumbnail","hentry","category-news","tag-ostrow-wielkopolski"],"_links":{"self":[{"href":"https:\/\/ostrowskatv.pl\/index.php?rest_route=\/wp\/v2\/posts\/6367","targetHints":{"allow":["GET"]}}],"collection":[{"href":"https:\/\/ostrowskatv.pl\/index.php?rest_route=\/wp\/v2\/posts"}],"about":[{"href":"https:\/\/ostrowskatv.pl\/index.php?rest_route=\/wp\/v2\/types\/post"}],"author":[{"embeddable":true,"href":"https:\/\/ostrowskatv.pl\/index.php?rest_route=\/wp\/v2\/users\/1"}],"replies":[{"embeddable":true,"href":"https:\/\/ostrowskatv.pl\/index.php?rest_route=%2Fwp%2Fv2%2Fcomments&post=6367"}],"version-history":[{"count":0,"href":"https:\/\/ostrowskatv.pl\/index.php?rest_route=\/wp\/v2\/posts\/6367\/revisions"}],"wp:featuredmedia":[{"embeddable":true,"href":"https:\/\/ostrowskatv.pl\/index.php?rest_route=\/wp\/v2\/media\/6368"}],"wp:attachment":[{"href":"https:\/\/ostrowskatv.pl\/index.php?rest_route=%2Fwp%2Fv2%2Fmedia&parent=6367"}],"wp:term":[{"taxonomy":"category","embeddable":true,"href":"https:\/\/ostrowskatv.pl\/index.php?rest_route=%2Fwp%2Fv2%2Fcategories&post=6367"},{"taxonomy":"post_tag","embeddable":true,"href":"https:\/\/ostrowskatv.pl\/index.php?rest_route=%2Fwp%2Fv2%2Ftags&post=6367"}],"curies":[{"name":"wp","href":"https:\/\/api.w.org\/{rel}","templated":true}]}}