{"id":6362,"date":"2018-05-27T12:50:41","date_gmt":"2018-05-27T11:50:41","guid":{"rendered":"http:\/\/ostrowska.tv\/?p=6362"},"modified":"2018-05-27T12:50:41","modified_gmt":"2018-05-27T11:50:41","slug":"wypadek-rozana-okolna-ukrainiec-wylecial-przez-okno","status":"publish","type":"post","link":"https:\/\/ostrowskatv.pl\/?p=6362","title":{"rendered":"Wypadek R\u00f3\u017cana &#8211; Ok\u00f3lna. Ukrainiec wylecia\u0142 przez okno"},"content":{"rendered":"<p><strong>W niedziel\u0119 oko\u0142o 13:30 dosz\u0142o do wypadku na skrzy\u017cowaniu ulic R\u00f3\u017canej i Ok\u00f3lnej w Ostrowie Wielkopolskim. Zderzy\u0142y si\u0119 Citroen i Ford. Na miejsce wys\u0142ano stra\u017c po\u017carn\u0105\u00a0 karetk\u0119 i policj\u0119. Jeden z uczestnik\u00f3w by\u0142 narodowo\u015bci ukrai\u0144skiej.<\/strong><\/p>\n<p>Sprawc\u0105 okaza\u0142 si\u0119 obcokrajowiec. Jego pasa\u017cer wylecia\u0142 przez boczne okno. Obaj byli w samych szortach.<\/p>\n<div id='gallery-1' class='gallery galleryid-6362 gallery-columns-3 gallery-size-thumbnail'><figure class='gallery-item'>\n\t\t\t<div class='gallery-icon landscape'>\n\t\t\t\t<a href='https:\/\/ostrowskatv.pl\/?attachment_id=6363'><img loading=\"lazy\" decoding=\"async\" width=\"150\" height=\"150\" src=\"https:\/\/ostrowskatv.pl\/wp-content\/uploads\/2018\/05\/IMG_20180527_132849-01-150x150.jpg\" class=\"attachment-thumbnail size-thumbnail\" alt=\"\" aria-describedby=\"gallery-1-6363\" \/><\/a>\n\t\t\t<\/div>\n\t\t\t\t<figcaption class='wp-caption-text gallery-caption' id='gallery-1-6363'>\n\t\t\t\tcof\n\t\t\t\t<\/figcaption><\/figure><figure class='gallery-item'>\n\t\t\t<div class='gallery-icon landscape'>\n\t\t\t\t<a href='https:\/\/ostrowskatv.pl\/?attachment_id=6364'><img loading=\"lazy\" decoding=\"async\" width=\"150\" height=\"150\" src=\"https:\/\/ostrowskatv.pl\/wp-content\/uploads\/2018\/05\/IMG_20180527_132911-01-150x150.jpg\" class=\"attachment-thumbnail size-thumbnail\" alt=\"\" aria-describedby=\"gallery-1-6364\" \/><\/a>\n\t\t\t<\/div>\n\t\t\t\t<figcaption class='wp-caption-text gallery-caption' id='gallery-1-6364'>\n\t\t\t\trhdr\n\t\t\t\t<\/figcaption><\/figure><figure class='gallery-item'>\n\t\t\t<div class='gallery-icon landscape'>\n\t\t\t\t<a href='https:\/\/ostrowskatv.pl\/?attachment_id=6365'><img loading=\"lazy\" decoding=\"async\" width=\"150\" height=\"150\" src=\"https:\/\/ostrowskatv.pl\/wp-content\/uploads\/2018\/05\/IMG_20180527_132917-01-150x150.jpg\" class=\"attachment-thumbnail size-thumbnail\" alt=\"\" aria-describedby=\"gallery-1-6365\" \/><\/a>\n\t\t\t<\/div>\n\t\t\t\t<figcaption class='wp-caption-text gallery-caption' id='gallery-1-6365'>\n\t\t\t\toznor\n\t\t\t\t<\/figcaption><\/figure>\n\t\t<\/div>\n\n","protected":false},"excerpt":{"rendered":"W niedziel\u0119 oko\u0142o 13:30 dosz\u0142o do wypadku na skrzy\u017cowaniu ulic R\u00f3\u017canej i Ok\u00f3lnej w Ostrowie Wielkopolskim. Zderzy\u0142y si\u0119 Citroen i Ford. Na miejsce \n<a class=\"moretag\" href=\"https:\/\/ostrowskatv.pl\/?p=6362\"> [...]<\/a>","protected":false},"author":1,"featured_media":6363,"comment_status":"open","ping_status":"closed","sticky":false,"template":"","format":"standard","meta":{"footnotes":""},"categories":[1],"tags":[2],"class_list":["post-6362","post","type-post","status-publish","format-standard","has-post-thumbnail","hentry","category-news","tag-ostrow-wielkopolski"],"_links":{"self":[{"href":"https:\/\/ostrowskatv.pl\/index.php?rest_route=\/wp\/v2\/posts\/6362","targetHints":{"allow":["GET"]}}],"collection":[{"href":"https:\/\/ostrowskatv.pl\/index.php?rest_route=\/wp\/v2\/posts"}],"about":[{"href":"https:\/\/ostrowskatv.pl\/index.php?rest_route=\/wp\/v2\/types\/post"}],"author":[{"embeddable":true,"href":"https:\/\/ostrowskatv.pl\/index.php?rest_route=\/wp\/v2\/users\/1"}],"replies":[{"embeddable":true,"href":"https:\/\/ostrowskatv.pl\/index.php?rest_route=%2Fwp%2Fv2%2Fcomments&post=6362"}],"version-history":[{"count":0,"href":"https:\/\/ostrowskatv.pl\/index.php?rest_route=\/wp\/v2\/posts\/6362\/revisions"}],"wp:featuredmedia":[{"embeddable":true,"href":"https:\/\/ostrowskatv.pl\/index.php?rest_route=\/wp\/v2\/media\/6363"}],"wp:attachment":[{"href":"https:\/\/ostrowskatv.pl\/index.php?rest_route=%2Fwp%2Fv2%2Fmedia&parent=6362"}],"wp:term":[{"taxonomy":"category","embeddable":true,"href":"https:\/\/ostrowskatv.pl\/index.php?rest_route=%2Fwp%2Fv2%2Fcategories&post=6362"},{"taxonomy":"post_tag","embeddable":true,"href":"https:\/\/ostrowskatv.pl\/index.php?rest_route=%2Fwp%2Fv2%2Ftags&post=6362"}],"curies":[{"name":"wp","href":"https:\/\/api.w.org\/{rel}","templated":true}]}}