{"id":636,"date":"2016-03-25T21:20:14","date_gmt":"2016-03-25T20:20:14","guid":{"rendered":"http:\/\/ostrowska.tv\/?p=636"},"modified":"2016-03-25T21:20:14","modified_gmt":"2016-03-25T20:20:14","slug":"spor-o-park-przemyslowy-beata-klimek-odpowiada-radnemu","status":"publish","type":"post","link":"https:\/\/ostrowskatv.pl\/?p=636","title":{"rendered":"Sp\u00f3r o Park Przemys\u0142owy. Beata Klimek odpowiada radnemu"},"content":{"rendered":"<p><strong>Radny Andrzej Kornaszewski skrytykowa\u0142 Beat\u0119 Klimek za brak konsekwencji w przypadku Ostrowskiego Parku Przemys\u0142owego, kt\u00f3ry od niedawna wydaje miejsk\u0105 gazet\u0119. Prezydent Ostrowa odpowiedzia\u0142a na zarzuty przewodnicz\u0105cego klubu radnych Platformy Obywatelskiej.<\/strong><\/p>\n<p>Andrzej Kornaszewski wytkn\u0105\u0142 Beacie Klimek, \u017ce w okresie kampanii wyborczej poddawa\u0142a pod w\u0105tpliwo\u015b\u0107 sens powstania Ostrowskiego Parku Przemys\u0142owego, kt\u00f3ry okre\u015bla\u0142a mianem niepotrzebnej sp\u00f3\u0142ki. W ostatnich tygodniach prezydent miasta podj\u0119\u0142a jednak decyzj\u0119, \u017ce to w\u0142a\u015bnie ten podmiot b\u0119dzie wydawa\u0107 miejsk\u0105 gazet\u0119. Radny Platformy Obywatelskiej twierdzi, \u017ce to brak konsekwencji.<\/p>\n<blockquote><p>&#8211; Przyzwyczai\u0142am si\u0119 ju\u017c, \u017ce ze strony przewodnicz\u0105cego klubu radnych Platformy Obywatelskiej ka\u017cde dzia\u0142anie prezydenta miasta jest poddane totalnej krytyce i recenzji. To taka uroda tej kadencji \u2013 t\u0142umaczy Beata Klimek.<\/p><\/blockquote>\n<p>Prezydent Ostrowa potwierdza, \u017ce wcze\u015bniej mia\u0142a w\u0105tpliwo\u015bci dotycz\u0105ce powstania Ostrowskiego Parku Przemys\u0142owego.<\/p>\n<blockquote><p>&#8211; Nie wyp\u0142ywa\u0142y one tylko ode mnie. W poprzedniej kadencji wielu radnych pyta\u0142o o sens powstania tego typu sp\u00f3\u0142ki. Na szereg pyta\u0144 nie otrzymywali\u015bmy wtedy odpowiedzi, kt\u00f3re by\u0142yby dla nas satysfakcjonuj\u0105ce \u2013 przypomina Klimek.<\/p><\/blockquote>\n<p>Beata Klimek twierdzi, \u017ce Ostrowski Park Przemys\u0142owy musia\u0142 powsta\u0107 i jako nowy prezydent miasta nie mog\u0142a zablokowa\u0107 inwestycji, kiedy ta by\u0142a ju\u017c w toku.<\/p>\n<blockquote><p>&#8211; Zosta\u0142am prezydentem, kiedy ten park by\u0142 budowany. Za mojej prezydentury ta inwestycja zosta\u0142a sfinalizowana. Nie wyobra\u017ca\u0142am sobie, \u017ce mog\u0142abym przerwa\u0107 realizacj\u0119 projektu, kiedy wszystko by\u0142o ju\u017c rozkr\u0119cone. Musia\u0142am to doko\u0144czy\u0107 i tak zrobi\u0142am \u2013 t\u0142umaczy.<\/p><\/blockquote>\n<p>Prezydent dodaje, \u017ce teraz nie ma wyj\u015bcia i robi wszystko, \u017ceby sp\u00f3\u0142ka funkcjonowa\u0142a jak najlepiej. W zwi\u0105zku z tym konieczne jest poszerzanie jej kompetencji. Jedn\u0105 z nich w przypadku Ostrowskiego Parku Przemys\u0142owego ma by\u0107 wydawanie miejskiej gazety.<\/p>\n<blockquote><p>&#8211; Obudowujemy sp\u00f3\u0142k\u0119 w przer\u00f3\u017cne kompetencje. Dzi\u0119ki temu mo\u017ce wype\u0142nia\u0107 swoj\u0105 funkcj\u0119. Jednym z dzia\u0142a\u0144 jest wydawanie miejskiego informatora, kt\u00f3ry m\u00f3wi o dzia\u0142alno\u015bci Parku Przemys\u0142owego, ale tak\u017ce pozosta\u0142ych sp\u00f3\u0142ek komunalnych naszego miasta. To nic z\u0142ego. Takie miejskie gazety ma prawie ka\u017cdy samorz\u0105d w naszym kraju. Dziwi\u0119 si\u0119, \u017ce dla radnych opozycyjnych to co\u015b tak niezwyk\u0142ego. Gminy i miasta w naszym powiecie czy w po\u0142udniowej Wielkopolsce decyduj\u0105 si\u0119 na tak\u0105 dzia\u0142alno\u015b\u0107. Teraz robi\u0105 to nawet dzielnice \u2013 dodaje Beata Klimek.<\/p><\/blockquote>\n<p><strong>Kto w ca\u0142ej sprawie ma racj\u0119? Zach\u0119camy do wyra\u017cania swoich opinii w komentarzach.<\/strong><\/p>\n","protected":false},"excerpt":{"rendered":"Radny Andrzej Kornaszewski skrytykowa\u0142 Beat\u0119 Klimek za brak konsekwencji w przypadku Ostrowskiego Parku Przemys\u0142owego, kt\u00f3ry od niedawna wydaje miejsk\u0105 gazet\u0119. Prezydent Ostrowa odpowiedzia\u0142a \n<a class=\"moretag\" href=\"https:\/\/ostrowskatv.pl\/?p=636\"> [...]<\/a>","protected":false},"author":1,"featured_media":637,"comment_status":"open","ping_status":"open","sticky":false,"template":"","format":"standard","meta":{"footnotes":""},"categories":[1],"tags":[63],"class_list":["post-636","post","type-post","status-publish","format-standard","has-post-thumbnail","hentry","category-news","tag-opp"],"_links":{"self":[{"href":"https:\/\/ostrowskatv.pl\/index.php?rest_route=\/wp\/v2\/posts\/636","targetHints":{"allow":["GET"]}}],"collection":[{"href":"https:\/\/ostrowskatv.pl\/index.php?rest_route=\/wp\/v2\/posts"}],"about":[{"href":"https:\/\/ostrowskatv.pl\/index.php?rest_route=\/wp\/v2\/types\/post"}],"author":[{"embeddable":true,"href":"https:\/\/ostrowskatv.pl\/index.php?rest_route=\/wp\/v2\/users\/1"}],"replies":[{"embeddable":true,"href":"https:\/\/ostrowskatv.pl\/index.php?rest_route=%2Fwp%2Fv2%2Fcomments&post=636"}],"version-history":[{"count":0,"href":"https:\/\/ostrowskatv.pl\/index.php?rest_route=\/wp\/v2\/posts\/636\/revisions"}],"wp:featuredmedia":[{"embeddable":true,"href":"https:\/\/ostrowskatv.pl\/index.php?rest_route=\/wp\/v2\/media\/637"}],"wp:attachment":[{"href":"https:\/\/ostrowskatv.pl\/index.php?rest_route=%2Fwp%2Fv2%2Fmedia&parent=636"}],"wp:term":[{"taxonomy":"category","embeddable":true,"href":"https:\/\/ostrowskatv.pl\/index.php?rest_route=%2Fwp%2Fv2%2Fcategories&post=636"},{"taxonomy":"post_tag","embeddable":true,"href":"https:\/\/ostrowskatv.pl\/index.php?rest_route=%2Fwp%2Fv2%2Ftags&post=636"}],"curies":[{"name":"wp","href":"https:\/\/api.w.org\/{rel}","templated":true}]}}