{"id":6352,"date":"2018-05-25T10:17:17","date_gmt":"2018-05-25T09:17:17","guid":{"rendered":"http:\/\/ostrowska.tv\/?p=6352"},"modified":"2018-05-25T10:17:17","modified_gmt":"2018-05-25T09:17:17","slug":"kierowca-citroena-zawracajac-zderzyl-sie-z-motocyklista","status":"publish","type":"post","link":"https:\/\/ostrowskatv.pl\/?p=6352","title":{"rendered":"Kierowca Citroena zawracaj\u0105c zderzy\u0142 si\u0119 z motocyklist\u0105"},"content":{"rendered":"<p><strong>M\u0119\u017cczyzna kieruj\u0105c Citroenem C3 postanowi\u0142 zawr\u00f3ci\u0107 na drodze powiatowej w miejscowo\u015bci Rad\u0142\u00f3w. Wykonuj\u0105c ten manewr, nie dostrzeg\u0142 motocyklisty. Prawdopodobnie by\u0142o to spowodowane mocno \u015bwiec\u0105cym s\u0142o\u0144cem nad horyzontem. M\u0119\u017cczyzna jad\u0105cy Kawasaki przewr\u00f3ci\u0142 si\u0119 na prawy bok. Jego jeansowe spodnie rozdar\u0142y si\u0119, a na kolanie mia\u0142 ran\u0119 spowodowan\u0105 upadkiem. Bezpo\u015brednio po zdarzeniu chodzi\u0142 o w\u0142asnych si\u0142ach.<\/strong><\/p>\n<p>Na miejsce wezwano karetk\u0119, kt\u00f3ra zabra\u0142a poszkodowanego do szpitala w celu wykonania dok\u0142adniejszych bada\u0144. Te nie potwierdzi\u0142y niczego gro\u017anego dla zdrowia. M\u0119\u017cczyzna mo\u017ce m\u00f3wi\u0107 o du\u017cym szcz\u0119\u015bciu. Kawasaki kupi\u0142 oko\u0142o dw\u00f3ch tygodni wcze\u015bniej i obawia\u0142 si\u0119 jak zareaguje ma\u0142\u017conka na wie\u015b\u0107 o tym zdarzeniu.<\/p>\n<div id='gallery-1' class='gallery galleryid-6352 gallery-columns-3 gallery-size-thumbnail'><figure class='gallery-item'>\n\t\t\t<div class='gallery-icon landscape'>\n\t\t\t\t<a href='https:\/\/ostrowskatv.pl\/?attachment_id=6356'><img loading=\"lazy\" decoding=\"async\" width=\"150\" height=\"150\" src=\"https:\/\/ostrowskatv.pl\/wp-content\/uploads\/2018\/05\/radlow01-150x150.jpg\" class=\"attachment-thumbnail size-thumbnail\" alt=\"\" \/><\/a>\n\t\t\t<\/div><\/figure><figure class='gallery-item'>\n\t\t\t<div class='gallery-icon landscape'>\n\t\t\t\t<a href='https:\/\/ostrowskatv.pl\/?attachment_id=6355'><img loading=\"lazy\" decoding=\"async\" width=\"150\" height=\"150\" src=\"https:\/\/ostrowskatv.pl\/wp-content\/uploads\/2018\/05\/radlow02-150x150.jpg\" class=\"attachment-thumbnail size-thumbnail\" alt=\"\" \/><\/a>\n\t\t\t<\/div><\/figure><figure class='gallery-item'>\n\t\t\t<div class='gallery-icon landscape'>\n\t\t\t\t<a href='https:\/\/ostrowskatv.pl\/?attachment_id=6354'><img loading=\"lazy\" decoding=\"async\" width=\"150\" height=\"150\" src=\"https:\/\/ostrowskatv.pl\/wp-content\/uploads\/2018\/05\/radlow03-150x150.jpg\" class=\"attachment-thumbnail size-thumbnail\" alt=\"\" \/><\/a>\n\t\t\t<\/div><\/figure><figure class='gallery-item'>\n\t\t\t<div class='gallery-icon landscape'>\n\t\t\t\t<a href='https:\/\/ostrowskatv.pl\/?attachment_id=6353'><img loading=\"lazy\" decoding=\"async\" width=\"150\" height=\"150\" src=\"https:\/\/ostrowskatv.pl\/wp-content\/uploads\/2018\/05\/radlow04-150x150.jpg\" class=\"attachment-thumbnail size-thumbnail\" alt=\"\" \/><\/a>\n\t\t\t<\/div><\/figure>\n\t\t<\/div>\n\n","protected":false},"excerpt":{"rendered":"M\u0119\u017cczyzna kieruj\u0105c Citroenem C3 postanowi\u0142 zawr\u00f3ci\u0107 na drodze powiatowej w miejscowo\u015bci Rad\u0142\u00f3w. Wykonuj\u0105c ten manewr, nie dostrzeg\u0142 motocyklisty. Prawdopodobnie by\u0142o to spowodowane mocno \n<a class=\"moretag\" href=\"https:\/\/ostrowskatv.pl\/?p=6352\"> [...]<\/a>","protected":false},"author":1,"featured_media":6353,"comment_status":"open","ping_status":"closed","sticky":false,"template":"","format":"standard","meta":{"footnotes":""},"categories":[1],"tags":[138],"class_list":["post-6352","post","type-post","status-publish","format-standard","has-post-thumbnail","hentry","category-news","tag-radlow"],"_links":{"self":[{"href":"https:\/\/ostrowskatv.pl\/index.php?rest_route=\/wp\/v2\/posts\/6352","targetHints":{"allow":["GET"]}}],"collection":[{"href":"https:\/\/ostrowskatv.pl\/index.php?rest_route=\/wp\/v2\/posts"}],"about":[{"href":"https:\/\/ostrowskatv.pl\/index.php?rest_route=\/wp\/v2\/types\/post"}],"author":[{"embeddable":true,"href":"https:\/\/ostrowskatv.pl\/index.php?rest_route=\/wp\/v2\/users\/1"}],"replies":[{"embeddable":true,"href":"https:\/\/ostrowskatv.pl\/index.php?rest_route=%2Fwp%2Fv2%2Fcomments&post=6352"}],"version-history":[{"count":0,"href":"https:\/\/ostrowskatv.pl\/index.php?rest_route=\/wp\/v2\/posts\/6352\/revisions"}],"wp:featuredmedia":[{"embeddable":true,"href":"https:\/\/ostrowskatv.pl\/index.php?rest_route=\/wp\/v2\/media\/6353"}],"wp:attachment":[{"href":"https:\/\/ostrowskatv.pl\/index.php?rest_route=%2Fwp%2Fv2%2Fmedia&parent=6352"}],"wp:term":[{"taxonomy":"category","embeddable":true,"href":"https:\/\/ostrowskatv.pl\/index.php?rest_route=%2Fwp%2Fv2%2Fcategories&post=6352"},{"taxonomy":"post_tag","embeddable":true,"href":"https:\/\/ostrowskatv.pl\/index.php?rest_route=%2Fwp%2Fv2%2Ftags&post=6352"}],"curies":[{"name":"wp","href":"https:\/\/api.w.org\/{rel}","templated":true}]}}