{"id":6340,"date":"2018-05-22T16:41:56","date_gmt":"2018-05-22T15:41:56","guid":{"rendered":"http:\/\/ostrowska.tv\/?p=6340"},"modified":"2018-05-22T16:41:56","modified_gmt":"2018-05-22T15:41:56","slug":"losie-przywedrowaly-do-powiatu-ostrowskiego","status":"publish","type":"post","link":"https:\/\/ostrowskatv.pl\/?p=6340","title":{"rendered":"\u0141osie przyw\u0119drowa\u0142y do powiatu ostrowskiego"},"content":{"rendered":"<p><strong>Dwa \u0142osie, takie prawdziwe, z rodziny jeleniowatych, przyw\u0119drowa\u0142y do powiatu ostrowskiego. Marek Baraniak jad\u0105c w niedzielne popo\u0142udnie na trasie Skalmierzyce-Rososzyca ujrza\u0142 dwa rzadko spotykane w naszych stronach ssaki. \u0141osie konsumowa\u0142y ro\u015bliny na przydro\u017cnej \u0142\u0105ce.\u00a0<\/strong><\/p>\n<p>Rok wcze\u015bniej zosta\u0142y zaobserwowane ko\u0142o Pi\u0105tkowa Wielkiego w powiecie kaliskim. Jeszcze do niedawna by\u0142y zagro\u017cone wygini\u0119ciem. Na szcz\u0119\u015bcie ich populacja odradza si\u0119 i mo\u017ce je coraz cz\u0119\u015bciej obserwowa\u0107 w pobli\u017cu siedlisk ludzkich. Obecnie liczy si\u0119, \u017ce w Polsce wyst\u0119puje a\u017c 12-14 tysi\u0119cy \u0142osi\u00f3w. Najwi\u0119cej na terenach bagnistych. Nie nale\u017cy zbli\u017ca\u0107 si\u0119 do samicy z m\u0142odym \u0142osi\u0105tkiem, poniewa\u017c doros\u0142y osobnik potrafi broni\u0107 swojego potomstwa mocnymi kopni\u0119ciami.<\/p>\n<div style=\"width: 720px;\" class=\"wp-video\"><video class=\"wp-video-shortcode\" id=\"video-6340-1\" width=\"720\" height=\"1278\" preload=\"metadata\" controls=\"controls\"><source type=\"video\/mp4\" src=\"http:\/\/ostrowska.tv\/wp-content\/uploads\/2018\/05\/losie.mp4?_=1\" \/><a href=\"http:\/\/ostrowska.tv\/wp-content\/uploads\/2018\/05\/losie.mp4\">http:\/\/ostrowska.tv\/wp-content\/uploads\/2018\/05\/losie.mp4<\/a><\/video><\/div>\n","protected":false},"excerpt":{"rendered":"Dwa \u0142osie, takie prawdziwe, z rodziny jeleniowatych, przyw\u0119drowa\u0142y do powiatu ostrowskiego. Marek Baraniak jad\u0105c w niedzielne popo\u0142udnie na trasie Skalmierzyce-Rososzyca ujrza\u0142 dwa rzadko \n<a class=\"moretag\" href=\"https:\/\/ostrowskatv.pl\/?p=6340\"> [...]<\/a>","protected":false},"author":1,"featured_media":6342,"comment_status":"open","ping_status":"closed","sticky":false,"template":"","format":"standard","meta":{"footnotes":""},"categories":[1],"tags":[132],"class_list":["post-6340","post","type-post","status-publish","format-standard","has-post-thumbnail","hentry","category-news","tag-rososzyca"],"_links":{"self":[{"href":"https:\/\/ostrowskatv.pl\/index.php?rest_route=\/wp\/v2\/posts\/6340","targetHints":{"allow":["GET"]}}],"collection":[{"href":"https:\/\/ostrowskatv.pl\/index.php?rest_route=\/wp\/v2\/posts"}],"about":[{"href":"https:\/\/ostrowskatv.pl\/index.php?rest_route=\/wp\/v2\/types\/post"}],"author":[{"embeddable":true,"href":"https:\/\/ostrowskatv.pl\/index.php?rest_route=\/wp\/v2\/users\/1"}],"replies":[{"embeddable":true,"href":"https:\/\/ostrowskatv.pl\/index.php?rest_route=%2Fwp%2Fv2%2Fcomments&post=6340"}],"version-history":[{"count":0,"href":"https:\/\/ostrowskatv.pl\/index.php?rest_route=\/wp\/v2\/posts\/6340\/revisions"}],"wp:featuredmedia":[{"embeddable":true,"href":"https:\/\/ostrowskatv.pl\/index.php?rest_route=\/wp\/v2\/media\/6342"}],"wp:attachment":[{"href":"https:\/\/ostrowskatv.pl\/index.php?rest_route=%2Fwp%2Fv2%2Fmedia&parent=6340"}],"wp:term":[{"taxonomy":"category","embeddable":true,"href":"https:\/\/ostrowskatv.pl\/index.php?rest_route=%2Fwp%2Fv2%2Fcategories&post=6340"},{"taxonomy":"post_tag","embeddable":true,"href":"https:\/\/ostrowskatv.pl\/index.php?rest_route=%2Fwp%2Fv2%2Ftags&post=6340"}],"curies":[{"name":"wp","href":"https:\/\/api.w.org\/{rel}","templated":true}]}}