{"id":632,"date":"2016-03-25T08:43:47","date_gmt":"2016-03-25T07:43:47","guid":{"rendered":"http:\/\/ostrowska.tv\/?p=632"},"modified":"2016-03-25T08:43:47","modified_gmt":"2016-03-25T07:43:47","slug":"12-latek-utonal-w-zbiorniku-na-obornik","status":"publish","type":"post","link":"https:\/\/ostrowskatv.pl\/?p=632","title":{"rendered":"12-latek uton\u0105\u0142 w zbiorniku na obornik"},"content":{"rendered":"<p>Do tragicznego zdarzenia dosz\u0142o na jednym z gospodarstw po PGR-owskich. W dniu swoich urodzin utopi\u0142 si\u0119 12-letni ch\u0142opiec choruj\u0105cy na autyzm. Gdy Aleksy bawi\u0142 si\u0119 wok\u00f3\u0142 gospodarstwa, najpewniej podszed\u0142 do odkrytego zbiornika, w kt\u00f3rym znajdowa\u0142a si\u0119 woda. Gdy rodzina ch\u0142opca spostrzeg\u0142a jego d\u0142u\u017csz\u0105 nieobecno\u015b\u0107, zacz\u0119\u0142a poszukiwania. Rodzice znale\u017ali cia\u0142o synka p\u0142ywaj\u0105ce w wodzie. Wezwano stra\u017c po\u017carn\u0105 z Pleszewa, a Ci zadysponowali ochotnik\u00f3w z Go\u0142uchowa oraz grup\u0119 wysoko\u015bciow\u0105 z Kalisza. Ze zg\u0142oszenia wynika\u0142o, \u017ce ch\u0142opiec wpad\u0142 do g\u0142\u0119bokiego szamba.<\/p>\n<p>Cia\u0142o ch\u0142opca wyci\u0105gn\u0105\u0142 jego ojciec. Rozpocz\u0119to kilkudziesi\u0119cio-minutow\u0105 reanimacj\u0119. Ta jednak nie przynios\u0142a spodziewanych rezultat\u00f3w. Tragedia rozegra\u0142a si\u0119 we wsi Szkud\u0142a k. Go\u0142uchowa.<\/p>\n<p>Stra\u017cacy apeluj\u0105 by wszyscy, kt\u00f3rzy posiadaj\u0105 na swoich posesjach studnie, szamba czy inne potencjalnie niebezpieczne miejsca, by przeprowadzili ich kontrole. Deski z biegiem czasu mog\u0105 pr\u00f3chnie\u0107, elementy betonowe r\u00f3wnie\u017c po zimie mog\u0105 by\u0107 uszkodzone. Pami\u0119tajmy, \u017ce na nasz\u0105 posesj\u0119 mog\u0105 wej\u015b\u0107 bawi\u0105ce si\u0119 dzieci z okolicy, kt\u00f3re nie rozumiej\u0105 wszystkich zasad.<\/p>\n<div id='gallery-1' class='gallery galleryid-632 gallery-columns-3 gallery-size-thumbnail'><figure class='gallery-item'>\n\t\t\t<div class='gallery-icon landscape'>\n\t\t\t\t<a href='https:\/\/ostrowskatv.pl\/?attachment_id=634'><img loading=\"lazy\" decoding=\"async\" width=\"150\" height=\"150\" src=\"https:\/\/ostrowskatv.pl\/wp-content\/uploads\/2016\/03\/utoniecie-12-latek-150x150.jpg\" class=\"attachment-thumbnail size-thumbnail\" alt=\"\" \/><\/a>\n\t\t\t<\/div><\/figure><figure class='gallery-item'>\n\t\t\t<div class='gallery-icon landscape'>\n\t\t\t\t<a href='https:\/\/ostrowskatv.pl\/?attachment_id=633'><img loading=\"lazy\" decoding=\"async\" width=\"150\" height=\"150\" src=\"https:\/\/ostrowskatv.pl\/wp-content\/uploads\/2016\/03\/12-latek-utoniecie-150x150.jpg\" class=\"attachment-thumbnail size-thumbnail\" alt=\"\" \/><\/a>\n\t\t\t<\/div><\/figure>\n\t\t<\/div>\n\n","protected":false},"excerpt":{"rendered":"Do tragicznego zdarzenia dosz\u0142o na jednym z gospodarstw po PGR-owskich. W dniu swoich urodzin utopi\u0142 si\u0119 12-letni ch\u0142opiec choruj\u0105cy na autyzm. Gdy Aleksy \n<a class=\"moretag\" href=\"https:\/\/ostrowskatv.pl\/?p=632\"> [...]<\/a>","protected":false},"author":1,"featured_media":633,"comment_status":"open","ping_status":"open","sticky":false,"template":"","format":"standard","meta":{"footnotes":""},"categories":[1],"tags":[69],"class_list":["post-632","post","type-post","status-publish","format-standard","has-post-thumbnail","hentry","category-news","tag-utoniecie"],"_links":{"self":[{"href":"https:\/\/ostrowskatv.pl\/index.php?rest_route=\/wp\/v2\/posts\/632","targetHints":{"allow":["GET"]}}],"collection":[{"href":"https:\/\/ostrowskatv.pl\/index.php?rest_route=\/wp\/v2\/posts"}],"about":[{"href":"https:\/\/ostrowskatv.pl\/index.php?rest_route=\/wp\/v2\/types\/post"}],"author":[{"embeddable":true,"href":"https:\/\/ostrowskatv.pl\/index.php?rest_route=\/wp\/v2\/users\/1"}],"replies":[{"embeddable":true,"href":"https:\/\/ostrowskatv.pl\/index.php?rest_route=%2Fwp%2Fv2%2Fcomments&post=632"}],"version-history":[{"count":0,"href":"https:\/\/ostrowskatv.pl\/index.php?rest_route=\/wp\/v2\/posts\/632\/revisions"}],"wp:featuredmedia":[{"embeddable":true,"href":"https:\/\/ostrowskatv.pl\/index.php?rest_route=\/wp\/v2\/media\/633"}],"wp:attachment":[{"href":"https:\/\/ostrowskatv.pl\/index.php?rest_route=%2Fwp%2Fv2%2Fmedia&parent=632"}],"wp:term":[{"taxonomy":"category","embeddable":true,"href":"https:\/\/ostrowskatv.pl\/index.php?rest_route=%2Fwp%2Fv2%2Fcategories&post=632"},{"taxonomy":"post_tag","embeddable":true,"href":"https:\/\/ostrowskatv.pl\/index.php?rest_route=%2Fwp%2Fv2%2Ftags&post=632"}],"curies":[{"name":"wp","href":"https:\/\/api.w.org\/{rel}","templated":true}]}}