{"id":6275,"date":"2018-05-09T17:12:43","date_gmt":"2018-05-09T16:12:43","guid":{"rendered":"http:\/\/ostrowska.tv\/?p=6275"},"modified":"2018-05-09T17:13:15","modified_gmt":"2018-05-09T16:13:15","slug":"kabina-pokiereszowana-kierowca-cudem-wyszedl","status":"publish","type":"post","link":"https:\/\/ostrowskatv.pl\/?p=6275","title":{"rendered":"Kierowca cudem wyszed\u0142 o w\u0142asnych si\u0142ach"},"content":{"rendered":"<p><strong>Do niezwyk\u0142ego zdarzenia dosz\u0142o w \u015brodowe popo\u0142udnie w Odolanowie. Na ul. Kaliskiej zderzy\u0142y si\u0119 dwa samochody. Kierowca Mercedesa na \u0142uku drogi, straci\u0142 panowanie i samochodem wyposa\u017conym w podno\u015bnik koszowy, uderzy\u0142 w bok samochodu ci\u0119\u017carowego. Pomimo zniszczenia kabiny pasa\u017cerskiej, sprawca kolizji opu\u015bci\u0142 pojazd o w\u0142asnych si\u0142ach.<\/strong><\/p>\n<p>Na miejsce wezwano stra\u017c po\u017carn\u0105 z pierwotn\u0105 informacj\u0105 o zakleszczeniu co najmniej jednej osoby. Na szcz\u0119\u015bcie nic takiego nie potwierdzi\u0142o si\u0119.<\/p>\n<div id='gallery-1' class='gallery galleryid-6275 gallery-columns-3 gallery-size-thumbnail'><figure class='gallery-item'>\n\t\t\t<div class='gallery-icon landscape'>\n\t\t\t\t<a href='https:\/\/ostrowskatv.pl\/?attachment_id=6277'><img loading=\"lazy\" decoding=\"async\" width=\"150\" height=\"150\" src=\"https:\/\/ostrowskatv.pl\/wp-content\/uploads\/2018\/05\/odolanow_czolowka03-150x150.jpg\" class=\"attachment-thumbnail size-thumbnail\" alt=\"\" \/><\/a>\n\t\t\t<\/div><\/figure><figure class='gallery-item'>\n\t\t\t<div class='gallery-icon landscape'>\n\t\t\t\t<a href='https:\/\/ostrowskatv.pl\/?attachment_id=6278'><img loading=\"lazy\" decoding=\"async\" width=\"150\" height=\"150\" src=\"https:\/\/ostrowskatv.pl\/wp-content\/uploads\/2018\/05\/odolanow_czolowka02-150x150.jpg\" class=\"attachment-thumbnail size-thumbnail\" alt=\"\" \/><\/a>\n\t\t\t<\/div><\/figure><figure class='gallery-item'>\n\t\t\t<div class='gallery-icon landscape'>\n\t\t\t\t<a href='https:\/\/ostrowskatv.pl\/?attachment_id=6279'><img loading=\"lazy\" decoding=\"async\" width=\"150\" height=\"150\" src=\"https:\/\/ostrowskatv.pl\/wp-content\/uploads\/2018\/05\/odolanow_czolowka01-150x150.jpg\" class=\"attachment-thumbnail size-thumbnail\" alt=\"\" \/><\/a>\n\t\t\t<\/div><\/figure>\n\t\t<\/div>\n\n","protected":false},"excerpt":{"rendered":"Do niezwyk\u0142ego zdarzenia dosz\u0142o w \u015brodowe popo\u0142udnie w Odolanowie. Na ul. Kaliskiej zderzy\u0142y si\u0119 dwa samochody. Kierowca Mercedesa na \u0142uku drogi, straci\u0142 panowanie \n<a class=\"moretag\" href=\"https:\/\/ostrowskatv.pl\/?p=6275\"> [...]<\/a>","protected":false},"author":1,"featured_media":6278,"comment_status":"open","ping_status":"open","sticky":false,"template":"","format":"standard","meta":{"footnotes":""},"categories":[1],"tags":[38],"class_list":["post-6275","post","type-post","status-publish","format-standard","has-post-thumbnail","hentry","category-news","tag-odolanow"],"_links":{"self":[{"href":"https:\/\/ostrowskatv.pl\/index.php?rest_route=\/wp\/v2\/posts\/6275","targetHints":{"allow":["GET"]}}],"collection":[{"href":"https:\/\/ostrowskatv.pl\/index.php?rest_route=\/wp\/v2\/posts"}],"about":[{"href":"https:\/\/ostrowskatv.pl\/index.php?rest_route=\/wp\/v2\/types\/post"}],"author":[{"embeddable":true,"href":"https:\/\/ostrowskatv.pl\/index.php?rest_route=\/wp\/v2\/users\/1"}],"replies":[{"embeddable":true,"href":"https:\/\/ostrowskatv.pl\/index.php?rest_route=%2Fwp%2Fv2%2Fcomments&post=6275"}],"version-history":[{"count":0,"href":"https:\/\/ostrowskatv.pl\/index.php?rest_route=\/wp\/v2\/posts\/6275\/revisions"}],"wp:featuredmedia":[{"embeddable":true,"href":"https:\/\/ostrowskatv.pl\/index.php?rest_route=\/wp\/v2\/media\/6278"}],"wp:attachment":[{"href":"https:\/\/ostrowskatv.pl\/index.php?rest_route=%2Fwp%2Fv2%2Fmedia&parent=6275"}],"wp:term":[{"taxonomy":"category","embeddable":true,"href":"https:\/\/ostrowskatv.pl\/index.php?rest_route=%2Fwp%2Fv2%2Fcategories&post=6275"},{"taxonomy":"post_tag","embeddable":true,"href":"https:\/\/ostrowskatv.pl\/index.php?rest_route=%2Fwp%2Fv2%2Ftags&post=6275"}],"curies":[{"name":"wp","href":"https:\/\/api.w.org\/{rel}","templated":true}]}}