{"id":62,"date":"2015-12-22T19:54:12","date_gmt":"2015-12-22T18:54:12","guid":{"rendered":"http:\/\/ostrowska.tv\/?p=62"},"modified":"2015-12-22T20:29:16","modified_gmt":"2015-12-22T19:29:16","slug":"ostrowska-oswiata-z-nowym-szefem-wyzwaniem-gimnazja","status":"publish","type":"post","link":"https:\/\/ostrowskatv.pl\/?p=62","title":{"rendered":"Ostrowska o\u015bwiata z nowym szefem. Wyzwaniem gimnazja"},"content":{"rendered":"<p><strong>Dariusz D\u0119bicki zosta\u0142 nowym naczelnikiem Wydzia\u0142u Edukacji i Sportu w Ostrowie Wielkopolskim. Na tym stanowisku zast\u0105pi\u0142 Marlen\u0119 Mal\u0105g. Teraz powoli poznaje nowe otoczenie, ale stawia przed sob\u0105 ju\u017c pierwsze cele.<\/strong><\/p>\n<p>Dariusz D\u0119bicki by\u0142 wcze\u015bniej pracownikiem kaliskiej delegatury kuratorium o\u015bwiaty. &#8211; Pani prezydent powo\u0142uj\u0105c mnie na to stanowisko potwierdzi\u0142a moje kompetencje. Jestem osob\u0105, kt\u00f3ra w o\u015bwiacie jest ju\u017c ponad 20 lat. Przeszed\u0142em wszystkie szczeble edukacji, od nauczyciela przez dyrektora, samorz\u0105dowca, zast\u0119pc\u0119 delegatury kuratorium o\u015bwiaty, pe\u0142ni\u0142em r\u00f3wnie\u017c funkcj\u0119 wizytatora \u2013 wylicza D\u0119bicki. &#8211; Jestem cz\u0142owiekiem kreatywnym, kt\u00f3ry potrafi w r\u00f3\u017cny spos\u00f3b rozwi\u0105zywa\u0107 r\u00f3\u017cne problemy. Wida\u0107 to w pracy z lud\u017ami \u2013 dodaje nowy szef ostrowskiej o\u015bwiaty.<\/p>\n<p>D\u0119bicki podkre\u015bla, \u017ce ostrowsk\u0105 o\u015bwiat\u0119 zasta\u0142 w dobrym stanie. Zdaje sobie jednak spraw\u0119, \u017ce czeka go sporo pracy. Problem\u00f3w do rozwi\u0105zania b\u0119dzie wiele. Dotycz\u0105 one w du\u017cej mierze zmian, kt\u00f3re w edukacji planuje rz\u0105d Prawa i Sprawiedliwo\u015bci. Jednym z g\u0142\u00f3wnych za\u0142o\u017ce\u0144 partii rz\u0105dz\u0105cej jest likwidacja gimnazj\u00f3w.<\/p>\n<p>&#8211; Przygotowanie si\u0119 do tej reformy to g\u0142\u00f3wny cel. Likwidacja gimnazj\u00f3w i rozszerzenie szk\u00f3\u0142 podstawowych do o\u015bmiu klas to najbardziej istotne kwestie. Trzeba do tych temat\u00f3w podej\u015b\u0107 umiej\u0119tnie cho\u0107by pod wzgl\u0119dem personalnym. Wiadomo, \u017ce nauczyciele w tej chwili funkcjonuj\u0105cych gimnazj\u00f3w b\u0119d\u0105 musieli znale\u017a\u0107 prac\u0119 w innych szko\u0142ach. To b\u0119dzie trudne, ale postaramy si\u0119 zapewni\u0107 wszystkim zatrudnienie w innych plac\u00f3wkach \u2013 przekonuje D\u0119bicki.<\/p>\n<p>Wi\u0119cej o planach nowego naczelnika w naszym materiale wideo, kt\u00f3ry znajduje si\u0119 poni\u017cej.<\/p>\n<div style=\"width: 640px;\" class=\"wp-video\"><video class=\"wp-video-shortcode\" id=\"video-62-1\" width=\"640\" height=\"360\" preload=\"metadata\" controls=\"controls\"><source type=\"video\/mp4\" src=\"http:\/\/ostrowska.tv\/wp-content\/uploads\/2015\/12\/dariusz-debicki-1.mp4?_=1\" \/><a href=\"http:\/\/ostrowska.tv\/wp-content\/uploads\/2015\/12\/dariusz-debicki-1.mp4\">http:\/\/ostrowska.tv\/wp-content\/uploads\/2015\/12\/dariusz-debicki-1.mp4<\/a><\/video><\/div>\n","protected":false},"excerpt":{"rendered":"Dariusz D\u0119bicki zosta\u0142 nowym naczelnikiem Wydzia\u0142u Edukacji i Sportu w Ostrowie Wielkopolskim. Na tym stanowisku zast\u0105pi\u0142 Marlen\u0119 Mal\u0105g. Teraz powoli poznaje nowe otoczenie, \n<a class=\"moretag\" href=\"https:\/\/ostrowskatv.pl\/?p=62\"> [...]<\/a>","protected":false},"author":1,"featured_media":63,"comment_status":"open","ping_status":"open","sticky":false,"template":"","format":"standard","meta":{"footnotes":""},"categories":[1],"tags":[13],"class_list":["post-62","post","type-post","status-publish","format-standard","has-post-thumbnail","hentry","category-news","tag-szkola"],"_links":{"self":[{"href":"https:\/\/ostrowskatv.pl\/index.php?rest_route=\/wp\/v2\/posts\/62","targetHints":{"allow":["GET"]}}],"collection":[{"href":"https:\/\/ostrowskatv.pl\/index.php?rest_route=\/wp\/v2\/posts"}],"about":[{"href":"https:\/\/ostrowskatv.pl\/index.php?rest_route=\/wp\/v2\/types\/post"}],"author":[{"embeddable":true,"href":"https:\/\/ostrowskatv.pl\/index.php?rest_route=\/wp\/v2\/users\/1"}],"replies":[{"embeddable":true,"href":"https:\/\/ostrowskatv.pl\/index.php?rest_route=%2Fwp%2Fv2%2Fcomments&post=62"}],"version-history":[{"count":0,"href":"https:\/\/ostrowskatv.pl\/index.php?rest_route=\/wp\/v2\/posts\/62\/revisions"}],"wp:featuredmedia":[{"embeddable":true,"href":"https:\/\/ostrowskatv.pl\/index.php?rest_route=\/wp\/v2\/media\/63"}],"wp:attachment":[{"href":"https:\/\/ostrowskatv.pl\/index.php?rest_route=%2Fwp%2Fv2%2Fmedia&parent=62"}],"wp:term":[{"taxonomy":"category","embeddable":true,"href":"https:\/\/ostrowskatv.pl\/index.php?rest_route=%2Fwp%2Fv2%2Fcategories&post=62"},{"taxonomy":"post_tag","embeddable":true,"href":"https:\/\/ostrowskatv.pl\/index.php?rest_route=%2Fwp%2Fv2%2Ftags&post=62"}],"curies":[{"name":"wp","href":"https:\/\/api.w.org\/{rel}","templated":true}]}}