{"id":618,"date":"2016-03-23T16:46:50","date_gmt":"2016-03-23T15:46:50","guid":{"rendered":"http:\/\/ostrowska.tv\/?p=618"},"modified":"2016-03-23T21:00:25","modified_gmt":"2016-03-23T20:00:25","slug":"mial-grozic-nozem-pobic-a-takze-zaatakowac-na-tle-seksualnym","status":"publish","type":"post","link":"https:\/\/ostrowskatv.pl\/?p=618","title":{"rendered":"Mia\u0142 grozi\u0107 no\u017cem, pobi\u0107, a tak\u017ce zaatakowa\u0107 na tle seksualnym"},"content":{"rendered":"<p><strong>We wtorek w godzinach oko\u0142o po\u0142udniowych 40-kilkuletni m\u0119\u017cczyzna, mieszkaniec Szklarki \u015al\u0105skiej (gmina So\u015bnie), zaatakowa\u0142 30-kilkuletni\u0105 kobiet\u0119, kuratork\u0119 s\u0105dow\u0105, kt\u00f3ra tego dnia przyby\u0142a do domu rodzinnego sprawcy. Sama wizyta by\u0142a u innego cz\u0142onka rodziny. Bandyta mia\u0142 przy\u0142o\u017cy\u0107 n\u00f3\u017c kuratorce do gard\u0142a, nast\u0119pnie dotkliwie j\u0105 pobi\u0107. Ponadto mia\u0142 dopu\u015bci\u0107 si\u0119 przest\u0119pstwa zwi\u0105zanego z wolno\u015bci\u0105 seksualn\u0105. M\u0119\u017cczyzna od doby poszukiwany jest przez kilkudziesi\u0119ciu policjant\u00f3w z powiatu ostrowskiego.<\/strong><\/p>\n<p>Poszkodowana kobieta przebywa w ostrowskim szpitalu na oddziale chirurgii og\u00f3lnej w stanie \u015brednim, stabilnym. Nie z\u0142o\u017cy\u0142a jeszcze oficjalnych zezna\u0144.<\/p>\n<p>Zmasowane dzia\u0142ania policyjne mia\u0142y miejsce ko\u0142o wsi Mo\u017cd\u017can\u00f3w, gdzie jeden z mieszka\u0144c\u00f3w mia\u0142 widzie\u0107 kryminalist\u0119. Jak uda\u0142o nam si\u0119 ustali\u0107, sprawca napa\u015bci na kuratork\u0119 s\u0105dow\u0105 odsiadywa\u0142 wyrok za alimenty, mia\u0142 by\u0107 r\u00f3wnie\u017c skazany za k\u0142usownictwo rybne. Policjanci podejrzewaj\u0105, \u017ce m\u0119\u017cczyzna o d\u0142ugich w\u0142osach ma przy sobie n\u00f3\u017c.<\/p>\n<p>Od wczesnych godzin porannych prowadzono kontrole pojazd\u00f3w poruszaj\u0105cych si\u0119 przez Odolan\u00f3w i okoliczne wsie.<\/p>\n<p>Oko\u0142o godziny 14:00 dosz\u0142o do zmasowanej ob\u0142awy, poniewa\u017c jeden z mieszka\u0144c\u00f3w wsi Mo\u017cd\u017can\u00f3w mia\u0142 widzie\u0107 napastnika udaj\u0105cego si\u0119 do m\u0142odnika. Policjanci otoczyli stosunkowo niewielki las sk\u0142adaj\u0105cy si\u0119 z drzew iglastych. Zaanga\u017cowano 2 psy policyjne oraz oko\u0142o 50 funkcjonariuszy policji. Pomimo dwukrotnego przeczesania podejrzanego terenu, m\u0119\u017cczyzny nie znaleziono.<\/p>\n<p>Trwaj\u0105 pozosta\u0142e dzia\u0142ania poszukiwawcze. Z uwagi na rozleg\u0142y teren, g\u0119sto zalesiony policjanci b\u0119d\u0105 zmuszeni poczeka\u0107 na pope\u0142nienie b\u0142\u0119du przez uciekiniera.<\/p>\n<div style=\"width: 640px;\" class=\"wp-video\"><video class=\"wp-video-shortcode\" id=\"video-618-1\" width=\"640\" height=\"360\" preload=\"metadata\" controls=\"controls\"><source type=\"video\/mp4\" src=\"http:\/\/ostrowska.tv\/wp-content\/uploads\/2016\/03\/oblawa-odolanow.mp4?_=1\" \/><a href=\"http:\/\/ostrowska.tv\/wp-content\/uploads\/2016\/03\/oblawa-odolanow.mp4\">http:\/\/ostrowska.tv\/wp-content\/uploads\/2016\/03\/oblawa-odolanow.mp4<\/a><\/video><\/div>\n","protected":false},"excerpt":{"rendered":"We wtorek w godzinach oko\u0142o po\u0142udniowych 40-kilkuletni m\u0119\u017cczyzna, mieszkaniec Szklarki \u015al\u0105skiej (gmina So\u015bnie), zaatakowa\u0142 30-kilkuletni\u0105 kobiet\u0119, kuratork\u0119 s\u0105dow\u0105, kt\u00f3ra tego dnia przyby\u0142a do \n<a class=\"moretag\" href=\"https:\/\/ostrowskatv.pl\/?p=618\"> [...]<\/a>","protected":false},"author":1,"featured_media":619,"comment_status":"open","ping_status":"open","sticky":false,"template":"","format":"standard","meta":{"footnotes":""},"categories":[1],"tags":[67,38,68],"class_list":["post-618","post","type-post","status-publish","format-standard","has-post-thumbnail","hentry","category-news","tag-mozdzanow","tag-odolanow","tag-poscig"],"_links":{"self":[{"href":"https:\/\/ostrowskatv.pl\/index.php?rest_route=\/wp\/v2\/posts\/618","targetHints":{"allow":["GET"]}}],"collection":[{"href":"https:\/\/ostrowskatv.pl\/index.php?rest_route=\/wp\/v2\/posts"}],"about":[{"href":"https:\/\/ostrowskatv.pl\/index.php?rest_route=\/wp\/v2\/types\/post"}],"author":[{"embeddable":true,"href":"https:\/\/ostrowskatv.pl\/index.php?rest_route=\/wp\/v2\/users\/1"}],"replies":[{"embeddable":true,"href":"https:\/\/ostrowskatv.pl\/index.php?rest_route=%2Fwp%2Fv2%2Fcomments&post=618"}],"version-history":[{"count":0,"href":"https:\/\/ostrowskatv.pl\/index.php?rest_route=\/wp\/v2\/posts\/618\/revisions"}],"wp:featuredmedia":[{"embeddable":true,"href":"https:\/\/ostrowskatv.pl\/index.php?rest_route=\/wp\/v2\/media\/619"}],"wp:attachment":[{"href":"https:\/\/ostrowskatv.pl\/index.php?rest_route=%2Fwp%2Fv2%2Fmedia&parent=618"}],"wp:term":[{"taxonomy":"category","embeddable":true,"href":"https:\/\/ostrowskatv.pl\/index.php?rest_route=%2Fwp%2Fv2%2Fcategories&post=618"},{"taxonomy":"post_tag","embeddable":true,"href":"https:\/\/ostrowskatv.pl\/index.php?rest_route=%2Fwp%2Fv2%2Ftags&post=618"}],"curies":[{"name":"wp","href":"https:\/\/api.w.org\/{rel}","templated":true}]}}