{"id":6173,"date":"2018-04-23T08:05:43","date_gmt":"2018-04-23T07:05:43","guid":{"rendered":"http:\/\/ostrowska.tv\/?p=6173"},"modified":"2018-04-23T08:05:53","modified_gmt":"2018-04-23T07:05:53","slug":"wypadek-w-masanowie-busem-jechalo-12-mieszkancow-moldawii","status":"publish","type":"post","link":"https:\/\/ostrowskatv.pl\/?p=6173","title":{"rendered":"Wypadek w Masanowie. Busem jecha\u0142o 12 mieszka\u0144c\u00f3w Mo\u0142dawii"},"content":{"rendered":"<p><strong>W niedzielny wiecz\u00f3r o godzinie 22:30 dosz\u0142o do wypadku busa i samochodu osobowego w Masanowie. Busem podr\u00f3\u017cowa\u0142o 12 os\u00f3b. Cztery zosta\u0142y poszkodowane.<\/strong><\/p>\n<p>Kierowca busa na litewskich tablicach rejestracyjnych, nie zatrzyma\u0142 si\u0119 przy znaku STOP i wjecha\u0142 wprost pod Volkswagena Golfa. Busem podr\u00f3\u017cowa\u0142o 12 os\u00f3b z Mo\u0142dawii, kt\u00f3rzy jechali do pracy w Mikstacie. Wi\u0119kszo\u015b\u0107 z nich mia\u0142a mn\u00f3stwo szcz\u0119\u015bcia, poniewa\u017c bus nie przewr\u00f3ci\u0142 si\u0119, a uchroni\u0142 go od tego pobliski s\u0142up energetyczny i ogrodzenie posesji, o kt\u00f3re si\u0119 opar\u0142.<\/p>\n<p>Cztery osoby dozna\u0142y obra\u017ce\u0144. Kierowca Volkswagena Golfa oraz troje pasa\u017cer\u00f3w z busa zosta\u0142o przewiezionych do szpitali. U jednej z poszkodowanych stwierdzono uraz miednicy.<\/p>\n<div id='gallery-1' class='gallery galleryid-6173 gallery-columns-3 gallery-size-thumbnail'><figure class='gallery-item'>\n\t\t\t<div class='gallery-icon landscape'>\n\t\t\t\t<a href='https:\/\/ostrowskatv.pl\/?attachment_id=6174'><img loading=\"lazy\" decoding=\"async\" width=\"150\" height=\"150\" src=\"https:\/\/ostrowskatv.pl\/wp-content\/uploads\/2018\/04\/20180422_232118-150x150.jpg\" class=\"attachment-thumbnail size-thumbnail\" alt=\"\" \/><\/a>\n\t\t\t<\/div><\/figure><figure class='gallery-item'>\n\t\t\t<div class='gallery-icon landscape'>\n\t\t\t\t<a href='https:\/\/ostrowskatv.pl\/?attachment_id=6175'><img loading=\"lazy\" decoding=\"async\" width=\"150\" height=\"150\" src=\"https:\/\/ostrowskatv.pl\/wp-content\/uploads\/2018\/04\/20180422_231820-150x150.jpg\" class=\"attachment-thumbnail size-thumbnail\" alt=\"\" \/><\/a>\n\t\t\t<\/div><\/figure><figure class='gallery-item'>\n\t\t\t<div class='gallery-icon landscape'>\n\t\t\t\t<a href='https:\/\/ostrowskatv.pl\/?attachment_id=6176'><img loading=\"lazy\" decoding=\"async\" width=\"150\" height=\"150\" src=\"https:\/\/ostrowskatv.pl\/wp-content\/uploads\/2018\/04\/20180422_231810-150x150.jpg\" class=\"attachment-thumbnail size-thumbnail\" alt=\"\" \/><\/a>\n\t\t\t<\/div><\/figure>\n\t\t<\/div>\n\n","protected":false},"excerpt":{"rendered":"W niedzielny wiecz\u00f3r o godzinie 22:30 dosz\u0142o do wypadku busa i samochodu osobowego w Masanowie. Busem podr\u00f3\u017cowa\u0142o 12 os\u00f3b. Cztery zosta\u0142y poszkodowane. Kierowca \n<a class=\"moretag\" href=\"https:\/\/ostrowskatv.pl\/?p=6173\"> [...]<\/a>","protected":false},"author":1,"featured_media":6174,"comment_status":"open","ping_status":"open","sticky":false,"template":"","format":"standard","meta":{"footnotes":""},"categories":[1],"tags":[154],"class_list":["post-6173","post","type-post","status-publish","format-standard","has-post-thumbnail","hentry","category-news","tag-masanow"],"_links":{"self":[{"href":"https:\/\/ostrowskatv.pl\/index.php?rest_route=\/wp\/v2\/posts\/6173","targetHints":{"allow":["GET"]}}],"collection":[{"href":"https:\/\/ostrowskatv.pl\/index.php?rest_route=\/wp\/v2\/posts"}],"about":[{"href":"https:\/\/ostrowskatv.pl\/index.php?rest_route=\/wp\/v2\/types\/post"}],"author":[{"embeddable":true,"href":"https:\/\/ostrowskatv.pl\/index.php?rest_route=\/wp\/v2\/users\/1"}],"replies":[{"embeddable":true,"href":"https:\/\/ostrowskatv.pl\/index.php?rest_route=%2Fwp%2Fv2%2Fcomments&post=6173"}],"version-history":[{"count":0,"href":"https:\/\/ostrowskatv.pl\/index.php?rest_route=\/wp\/v2\/posts\/6173\/revisions"}],"wp:featuredmedia":[{"embeddable":true,"href":"https:\/\/ostrowskatv.pl\/index.php?rest_route=\/wp\/v2\/media\/6174"}],"wp:attachment":[{"href":"https:\/\/ostrowskatv.pl\/index.php?rest_route=%2Fwp%2Fv2%2Fmedia&parent=6173"}],"wp:term":[{"taxonomy":"category","embeddable":true,"href":"https:\/\/ostrowskatv.pl\/index.php?rest_route=%2Fwp%2Fv2%2Fcategories&post=6173"},{"taxonomy":"post_tag","embeddable":true,"href":"https:\/\/ostrowskatv.pl\/index.php?rest_route=%2Fwp%2Fv2%2Ftags&post=6173"}],"curies":[{"name":"wp","href":"https:\/\/api.w.org\/{rel}","templated":true}]}}