{"id":6114,"date":"2018-04-20T19:14:25","date_gmt":"2018-04-20T18:14:25","guid":{"rendered":"http:\/\/ostrowska.tv\/?p=6114"},"modified":"2018-04-20T19:14:25","modified_gmt":"2018-04-20T18:14:25","slug":"zderzenie-w-sobotce-poszkodowany-4-latek","status":"publish","type":"post","link":"https:\/\/ostrowskatv.pl\/?p=6114","title":{"rendered":"Zderzenie w Sob\u00f3tce. Poszkodowany 4-latek"},"content":{"rendered":"<p><strong>W pi\u0105tkowe popo\u0142udnie dosz\u0142o do zderzenia dw\u00f3ch aut osobowych. Na drodze krajowej nr 11 zderzy\u0142y si\u0119 Ford oraz Toyota. Do szpitala zabrano 4-letnie dziecko podr\u00f3\u017cuj\u0105ce Fordem.<\/strong><\/p>\n<p>Na wysoko\u015bci zajazdu Klara kieruj\u0105ca Fordem postanowi\u0142a wyprzedzi\u0107 Toyot\u0119. Jej kierowca postanowi\u0142 w tym samym momencie skr\u0119ci\u0107 w lewo. Brak zauwa\u017cenia wyprzedzaj\u0105cego go Forda skutkuje przypisaniem mu winy za zaistnia\u0142e zdarzenie.<\/p>\n<p>Oba pojazdy wjecha\u0142y do przydro\u017cnego rowu. U 4-latka na szcz\u0119\u015bcie nie stwierdzono \u017cadnych obra\u017ce\u0144. Po przebadaniu opu\u015bci\u0142 szpital.<\/p>\n<div id='gallery-1' class='gallery galleryid-6114 gallery-columns-3 gallery-size-thumbnail'><figure class='gallery-item'>\n\t\t\t<div class='gallery-icon landscape'>\n\t\t\t\t<a href='https:\/\/ostrowskatv.pl\/?attachment_id=6115'><img loading=\"lazy\" decoding=\"async\" width=\"150\" height=\"150\" src=\"https:\/\/ostrowskatv.pl\/wp-content\/uploads\/2018\/04\/20180420_173622-150x150.jpg\" class=\"attachment-thumbnail size-thumbnail\" alt=\"\" \/><\/a>\n\t\t\t<\/div><\/figure><figure class='gallery-item'>\n\t\t\t<div class='gallery-icon landscape'>\n\t\t\t\t<a href='https:\/\/ostrowskatv.pl\/?attachment_id=6116'><img loading=\"lazy\" decoding=\"async\" width=\"150\" height=\"150\" src=\"https:\/\/ostrowskatv.pl\/wp-content\/uploads\/2018\/04\/20180420_173543-150x150.jpg\" class=\"attachment-thumbnail size-thumbnail\" alt=\"\" \/><\/a>\n\t\t\t<\/div><\/figure><figure class='gallery-item'>\n\t\t\t<div class='gallery-icon portrait'>\n\t\t\t\t<a href='https:\/\/ostrowskatv.pl\/?attachment_id=6117'><img loading=\"lazy\" decoding=\"async\" width=\"150\" height=\"150\" src=\"https:\/\/ostrowskatv.pl\/wp-content\/uploads\/2018\/04\/20180420_173642-150x150.jpg\" class=\"attachment-thumbnail size-thumbnail\" alt=\"\" \/><\/a>\n\t\t\t<\/div><\/figure>\n\t\t<\/div>\n\n","protected":false},"excerpt":{"rendered":"W pi\u0105tkowe popo\u0142udnie dosz\u0142o do zderzenia dw\u00f3ch aut osobowych. Na drodze krajowej nr 11 zderzy\u0142y si\u0119 Ford oraz Toyota. Do szpitala zabrano 4-letnie \n<a class=\"moretag\" href=\"https:\/\/ostrowskatv.pl\/?p=6114\"> [...]<\/a>","protected":false},"author":1,"featured_media":6115,"comment_status":"open","ping_status":"open","sticky":false,"template":"","format":"standard","meta":{"footnotes":""},"categories":[1],"tags":[2],"class_list":["post-6114","post","type-post","status-publish","format-standard","has-post-thumbnail","hentry","category-news","tag-ostrow-wielkopolski"],"_links":{"self":[{"href":"https:\/\/ostrowskatv.pl\/index.php?rest_route=\/wp\/v2\/posts\/6114","targetHints":{"allow":["GET"]}}],"collection":[{"href":"https:\/\/ostrowskatv.pl\/index.php?rest_route=\/wp\/v2\/posts"}],"about":[{"href":"https:\/\/ostrowskatv.pl\/index.php?rest_route=\/wp\/v2\/types\/post"}],"author":[{"embeddable":true,"href":"https:\/\/ostrowskatv.pl\/index.php?rest_route=\/wp\/v2\/users\/1"}],"replies":[{"embeddable":true,"href":"https:\/\/ostrowskatv.pl\/index.php?rest_route=%2Fwp%2Fv2%2Fcomments&post=6114"}],"version-history":[{"count":0,"href":"https:\/\/ostrowskatv.pl\/index.php?rest_route=\/wp\/v2\/posts\/6114\/revisions"}],"wp:featuredmedia":[{"embeddable":true,"href":"https:\/\/ostrowskatv.pl\/index.php?rest_route=\/wp\/v2\/media\/6115"}],"wp:attachment":[{"href":"https:\/\/ostrowskatv.pl\/index.php?rest_route=%2Fwp%2Fv2%2Fmedia&parent=6114"}],"wp:term":[{"taxonomy":"category","embeddable":true,"href":"https:\/\/ostrowskatv.pl\/index.php?rest_route=%2Fwp%2Fv2%2Fcategories&post=6114"},{"taxonomy":"post_tag","embeddable":true,"href":"https:\/\/ostrowskatv.pl\/index.php?rest_route=%2Fwp%2Fv2%2Ftags&post=6114"}],"curies":[{"name":"wp","href":"https:\/\/api.w.org\/{rel}","templated":true}]}}