{"id":6111,"date":"2018-04-19T09:40:15","date_gmt":"2018-04-19T08:40:15","guid":{"rendered":"http:\/\/ostrowska.tv\/?p=6111"},"modified":"2018-04-19T09:40:15","modified_gmt":"2018-04-19T08:40:15","slug":"wypadek-w-czekanowie-kurier-busem-wjechal-w-tyl-ciezarowki","status":"publish","type":"post","link":"https:\/\/ostrowskatv.pl\/?p=6111","title":{"rendered":"Wypadek w Czekanowie. Kurier busem wjecha\u0142 w ty\u0142 ci\u0119\u017car\u00f3wki"},"content":{"rendered":"<p><strong>W czwartek przed godzin\u0105 10:30 dosz\u0142o do wypadku na drodze krajowej nr 25. W Czekanowie jad\u0105cy w stron\u0119 Ostrowa Wielkopolskiego bus wjecha\u0142 w ty\u0142 stoj\u0105cego samochodu ci\u0119\u017carowego.<\/strong><\/p>\n<p>Kierowc\u0119 wioz\u0105cego paczki kurierskie wydobywano z u\u017cyciem sprz\u0119tu hydraulicznego. By\u0142 przytomny.<\/p>\n","protected":false},"excerpt":{"rendered":"W czwartek przed godzin\u0105 10:30 dosz\u0142o do wypadku na drodze krajowej nr 25. W Czekanowie jad\u0105cy w stron\u0119 Ostrowa Wielkopolskiego bus wjecha\u0142 w \n<a class=\"moretag\" href=\"https:\/\/ostrowskatv.pl\/?p=6111\"> [...]<\/a>","protected":false},"author":1,"featured_media":6112,"comment_status":"open","ping_status":"open","sticky":false,"template":"","format":"standard","meta":{"footnotes":""},"categories":[1],"tags":[98],"class_list":["post-6111","post","type-post","status-publish","format-standard","has-post-thumbnail","hentry","category-news","tag-czekanow"],"_links":{"self":[{"href":"https:\/\/ostrowskatv.pl\/index.php?rest_route=\/wp\/v2\/posts\/6111","targetHints":{"allow":["GET"]}}],"collection":[{"href":"https:\/\/ostrowskatv.pl\/index.php?rest_route=\/wp\/v2\/posts"}],"about":[{"href":"https:\/\/ostrowskatv.pl\/index.php?rest_route=\/wp\/v2\/types\/post"}],"author":[{"embeddable":true,"href":"https:\/\/ostrowskatv.pl\/index.php?rest_route=\/wp\/v2\/users\/1"}],"replies":[{"embeddable":true,"href":"https:\/\/ostrowskatv.pl\/index.php?rest_route=%2Fwp%2Fv2%2Fcomments&post=6111"}],"version-history":[{"count":0,"href":"https:\/\/ostrowskatv.pl\/index.php?rest_route=\/wp\/v2\/posts\/6111\/revisions"}],"wp:featuredmedia":[{"embeddable":true,"href":"https:\/\/ostrowskatv.pl\/index.php?rest_route=\/wp\/v2\/media\/6112"}],"wp:attachment":[{"href":"https:\/\/ostrowskatv.pl\/index.php?rest_route=%2Fwp%2Fv2%2Fmedia&parent=6111"}],"wp:term":[{"taxonomy":"category","embeddable":true,"href":"https:\/\/ostrowskatv.pl\/index.php?rest_route=%2Fwp%2Fv2%2Fcategories&post=6111"},{"taxonomy":"post_tag","embeddable":true,"href":"https:\/\/ostrowskatv.pl\/index.php?rest_route=%2Fwp%2Fv2%2Ftags&post=6111"}],"curies":[{"name":"wp","href":"https:\/\/api.w.org\/{rel}","templated":true}]}}