{"id":610,"date":"2016-03-19T11:44:29","date_gmt":"2016-03-19T10:44:29","guid":{"rendered":"http:\/\/ostrowska.tv\/?p=610"},"modified":"2016-03-19T11:44:29","modified_gmt":"2016-03-19T10:44:29","slug":"cbs-pod-ostrowem-odzyskalo-skradzionego-tir-a-padl-strzal","status":"publish","type":"post","link":"https:\/\/ostrowskatv.pl\/?p=610","title":{"rendered":"CB\u015a pod Ostrowem odzyska\u0142o skradzionego TIR-a. Pad\u0142 strza\u0142"},"content":{"rendered":"<p><strong>Na trasie Ostr\u00f3w Wlkp. &#8211; Kalisz w miejscowo\u015bci Fabian\u00f3w dosz\u0142o do dynamicznej akcji zatrzymania przest\u0119pc\u00f3w, kt\u00f3rzy s\u0105 podejrzewani o kradzie\u017c TIR-a. Wraz z ci\u0119\u017carowym MAN-em zosta\u0142 zatrzymany samoch\u00f3d osobowy Audi. Jeden z kierowc\u00f3w zacz\u0105\u0142 ucieka\u0107. Wtedy funkcjonariusz CB\u015a odda\u0142 strza\u0142 ostrzegawczy z broni palnej. M\u0119\u017cczyzn uj\u0119to. Na miejscu przeprowadzane by\u0142y dok\u0142adne ogl\u0119dziny zatrzymanych pojazd\u00f3w. Nieoficjalnie dowiedzieli\u015bmy si\u0119, \u017ce TIR marki MAN mia\u0142 zosta\u0107 skradziony na terenie Niemiec. Przewozi\u0142 kontener o nieznanej nam zawarto\u015bci. Akcja mia\u0142a miejsce oko\u0142o 7:00 rano.<\/strong><\/p>\n<div style=\"width: 640px;\" class=\"wp-video\"><video class=\"wp-video-shortcode\" id=\"video-610-1\" width=\"640\" height=\"360\" preload=\"metadata\" controls=\"controls\"><source type=\"video\/mp4\" src=\"http:\/\/ostrowska.tv\/wp-content\/uploads\/2016\/03\/odzyskany-tir.mp4?_=1\" \/><a href=\"http:\/\/ostrowska.tv\/wp-content\/uploads\/2016\/03\/odzyskany-tir.mp4\">http:\/\/ostrowska.tv\/wp-content\/uploads\/2016\/03\/odzyskany-tir.mp4<\/a><\/video><\/div>\n","protected":false},"excerpt":{"rendered":"Na trasie Ostr\u00f3w Wlkp. &#8211; Kalisz w miejscowo\u015bci Fabian\u00f3w dosz\u0142o do dynamicznej akcji zatrzymania przest\u0119pc\u00f3w, kt\u00f3rzy s\u0105 podejrzewani o kradzie\u017c TIR-a. Wraz z \n<a class=\"moretag\" href=\"https:\/\/ostrowskatv.pl\/?p=610\"> [...]<\/a>","protected":false},"author":1,"featured_media":612,"comment_status":"open","ping_status":"open","sticky":false,"template":"","format":"standard","meta":{"footnotes":""},"categories":[1],"tags":[2],"class_list":["post-610","post","type-post","status-publish","format-standard","has-post-thumbnail","hentry","category-news","tag-ostrow-wielkopolski"],"_links":{"self":[{"href":"https:\/\/ostrowskatv.pl\/index.php?rest_route=\/wp\/v2\/posts\/610","targetHints":{"allow":["GET"]}}],"collection":[{"href":"https:\/\/ostrowskatv.pl\/index.php?rest_route=\/wp\/v2\/posts"}],"about":[{"href":"https:\/\/ostrowskatv.pl\/index.php?rest_route=\/wp\/v2\/types\/post"}],"author":[{"embeddable":true,"href":"https:\/\/ostrowskatv.pl\/index.php?rest_route=\/wp\/v2\/users\/1"}],"replies":[{"embeddable":true,"href":"https:\/\/ostrowskatv.pl\/index.php?rest_route=%2Fwp%2Fv2%2Fcomments&post=610"}],"version-history":[{"count":0,"href":"https:\/\/ostrowskatv.pl\/index.php?rest_route=\/wp\/v2\/posts\/610\/revisions"}],"wp:featuredmedia":[{"embeddable":true,"href":"https:\/\/ostrowskatv.pl\/index.php?rest_route=\/wp\/v2\/media\/612"}],"wp:attachment":[{"href":"https:\/\/ostrowskatv.pl\/index.php?rest_route=%2Fwp%2Fv2%2Fmedia&parent=610"}],"wp:term":[{"taxonomy":"category","embeddable":true,"href":"https:\/\/ostrowskatv.pl\/index.php?rest_route=%2Fwp%2Fv2%2Fcategories&post=610"},{"taxonomy":"post_tag","embeddable":true,"href":"https:\/\/ostrowskatv.pl\/index.php?rest_route=%2Fwp%2Fv2%2Ftags&post=610"}],"curies":[{"name":"wp","href":"https:\/\/api.w.org\/{rel}","templated":true}]}}