{"id":6097,"date":"2018-04-18T15:14:09","date_gmt":"2018-04-18T14:14:09","guid":{"rendered":"http:\/\/ostrowska.tv\/?p=6097"},"modified":"2018-04-18T15:14:09","modified_gmt":"2018-04-18T14:14:09","slug":"wypadek-dwoch-mercedesow-kaliska-limanowskiego","status":"publish","type":"post","link":"https:\/\/ostrowskatv.pl\/?p=6097","title":{"rendered":"Wypadek dw\u00f3ch mercedes\u00f3w &#8211; Kaliska\/Limanowskiego"},"content":{"rendered":"<p><strong><strong>Do zderzenia dw\u00f3ch Mercedes\u00f3w dosz\u0142o na skrzy\u017cowaniu ulic Kaliska\/Limanowskiego w Ostrowie Wielkopolskim. Mercedesem typowo osobowym podr\u00f3\u017cowa\u0142 m\u0142ody m\u0119\u017cczyzna z dwiema dziewczynami. Autem typu VAN podr\u00f3\u017cowa\u0142 tylko m\u0119\u017cczyzna. Wed\u0142ug t\u0142umacze\u0144 ostatniego, wjecha\u0142 na skrzy\u017cowanie na zielonym \u015bwietle. M\u0142odzieniec pocz\u0105tkowo nie by\u0142 w stanie powiedzie\u0107 co si\u0119 wydarzy\u0142o.<\/strong><\/strong><\/p>\n<p>Dw\u00f3m pasa\u017cerkom stra\u017cacy udzielali pomocy medycznej i pomogli opu\u015bci\u0107 uszkodzony pojazd.<\/p>\n<div id='gallery-1' class='gallery galleryid-6097 gallery-columns-3 gallery-size-thumbnail'><figure class='gallery-item'>\n\t\t\t<div class='gallery-icon landscape'>\n\t\t\t\t<a href='https:\/\/ostrowskatv.pl\/?attachment_id=6096'><img loading=\"lazy\" decoding=\"async\" width=\"150\" height=\"150\" src=\"https:\/\/ostrowskatv.pl\/wp-content\/uploads\/2018\/04\/kaliska03-1-150x150.jpg\" class=\"attachment-thumbnail size-thumbnail\" alt=\"\" \/><\/a>\n\t\t\t<\/div><\/figure><figure class='gallery-item'>\n\t\t\t<div class='gallery-icon landscape'>\n\t\t\t\t<a href='https:\/\/ostrowskatv.pl\/?attachment_id=6094'><img loading=\"lazy\" decoding=\"async\" width=\"150\" height=\"150\" src=\"https:\/\/ostrowskatv.pl\/wp-content\/uploads\/2018\/04\/kaliska02-150x150.jpg\" class=\"attachment-thumbnail size-thumbnail\" alt=\"\" \/><\/a>\n\t\t\t<\/div><\/figure><figure class='gallery-item'>\n\t\t\t<div class='gallery-icon landscape'>\n\t\t\t\t<a href='https:\/\/ostrowskatv.pl\/?attachment_id=6093'><img loading=\"lazy\" decoding=\"async\" width=\"150\" height=\"150\" src=\"https:\/\/ostrowskatv.pl\/wp-content\/uploads\/2018\/04\/kaliska01-150x150.jpg\" class=\"attachment-thumbnail size-thumbnail\" alt=\"\" \/><\/a>\n\t\t\t<\/div><\/figure>\n\t\t<\/div>\n\n","protected":false},"excerpt":{"rendered":"Do zderzenia dw\u00f3ch Mercedes\u00f3w dosz\u0142o na skrzy\u017cowaniu ulic Kaliska\/Limanowskiego w Ostrowie Wielkopolskim. Mercedesem typowo osobowym podr\u00f3\u017cowa\u0142 m\u0142ody m\u0119\u017cczyzna z dwiema dziewczynami. Autem typu \n<a class=\"moretag\" href=\"https:\/\/ostrowskatv.pl\/?p=6097\"> [...]<\/a>","protected":false},"author":1,"featured_media":6093,"comment_status":"open","ping_status":"open","sticky":false,"template":"","format":"standard","meta":{"footnotes":""},"categories":[1],"tags":[2],"class_list":["post-6097","post","type-post","status-publish","format-standard","has-post-thumbnail","hentry","category-news","tag-ostrow-wielkopolski"],"_links":{"self":[{"href":"https:\/\/ostrowskatv.pl\/index.php?rest_route=\/wp\/v2\/posts\/6097","targetHints":{"allow":["GET"]}}],"collection":[{"href":"https:\/\/ostrowskatv.pl\/index.php?rest_route=\/wp\/v2\/posts"}],"about":[{"href":"https:\/\/ostrowskatv.pl\/index.php?rest_route=\/wp\/v2\/types\/post"}],"author":[{"embeddable":true,"href":"https:\/\/ostrowskatv.pl\/index.php?rest_route=\/wp\/v2\/users\/1"}],"replies":[{"embeddable":true,"href":"https:\/\/ostrowskatv.pl\/index.php?rest_route=%2Fwp%2Fv2%2Fcomments&post=6097"}],"version-history":[{"count":0,"href":"https:\/\/ostrowskatv.pl\/index.php?rest_route=\/wp\/v2\/posts\/6097\/revisions"}],"wp:featuredmedia":[{"embeddable":true,"href":"https:\/\/ostrowskatv.pl\/index.php?rest_route=\/wp\/v2\/media\/6093"}],"wp:attachment":[{"href":"https:\/\/ostrowskatv.pl\/index.php?rest_route=%2Fwp%2Fv2%2Fmedia&parent=6097"}],"wp:term":[{"taxonomy":"category","embeddable":true,"href":"https:\/\/ostrowskatv.pl\/index.php?rest_route=%2Fwp%2Fv2%2Fcategories&post=6097"},{"taxonomy":"post_tag","embeddable":true,"href":"https:\/\/ostrowskatv.pl\/index.php?rest_route=%2Fwp%2Fv2%2Ftags&post=6097"}],"curies":[{"name":"wp","href":"https:\/\/api.w.org\/{rel}","templated":true}]}}