{"id":6087,"date":"2018-04-17T15:17:50","date_gmt":"2018-04-17T14:17:50","guid":{"rendered":"http:\/\/ostrowska.tv\/?p=6087"},"modified":"2018-04-17T17:09:40","modified_gmt":"2018-04-17T16:09:40","slug":"wypadek-na-obwodnicy-skalmierzyc-bmw-vs-tir","status":"publish","type":"post","link":"https:\/\/ostrowskatv.pl\/?p=6087","title":{"rendered":"Wypadek na obwodnicy Skalmierzyc \u2014 BMW vs. TIR"},"content":{"rendered":"<p><strong>Po godzinie 14:00 z nieustalonych przyczyn BMW X5 zjecha\u0142o na przeciwny pas ruchu i zderzy\u0142o si\u0119 czo\u0142owo z samochodem ci\u0119\u017carowym. Osob\u00f3wk\u0105 jecha\u0142a 31-letnia mieszkanka powiatu ostrowskiego.<\/strong><\/p>\n<p>Na miejsce wys\u0142ano \u015bmig\u0142owiec LPR, ale ostatecznie poszkodowan\u0105 zdecydowano si\u0119 zabra\u0107 karetk\u0105 do kaliskiego szpitala. Kobieta by\u0142a przytomna, ale stra\u017cacy m\u00f3wili o powa\u017cnych obra\u017ceniach cia\u0142a.<\/p>\n<p>Z samochodu ci\u0119\u017carowego nast\u0105pi\u0142 wyciek oleju nap\u0119dowego. Na miejsce dotar\u0142a jednostka specjalistyczna (grupa chemiczna) z Ostrowa Wielkopolskiego do zabezpieczenia i neutralizacji wycieku.<\/p>\n<p>Do uwolnienia kobiety potrzebne by\u0142o u\u017cycie sprz\u0119tu hydraulicznego. Samoch\u00f3d ci\u0119\u017carowy przewozi\u0142 zestawy meblowe z Ikei.<br \/>\n\u00a0<br \/>\nDroga krajowa nr 25 na obwodnicy Skalmierzyc jest jeszcze zablokowana z uwagi na uszkodzone pojazdy.<\/p>\n<div id='gallery-1' class='gallery galleryid-6087 gallery-columns-3 gallery-size-thumbnail'><figure class='gallery-item'>\n\t\t\t<div class='gallery-icon landscape'>\n\t\t\t\t<a href='https:\/\/ostrowskatv.pl\/?attachment_id=6088'><img loading=\"lazy\" decoding=\"async\" width=\"150\" height=\"150\" src=\"https:\/\/ostrowskatv.pl\/wp-content\/uploads\/2018\/04\/kalisz_wypadek1-150x150.jpg\" class=\"attachment-thumbnail size-thumbnail\" alt=\"\" \/><\/a>\n\t\t\t<\/div><\/figure><figure class='gallery-item'>\n\t\t\t<div class='gallery-icon landscape'>\n\t\t\t\t<a href='https:\/\/ostrowskatv.pl\/?attachment_id=6089'><img loading=\"lazy\" decoding=\"async\" width=\"150\" height=\"150\" src=\"https:\/\/ostrowskatv.pl\/wp-content\/uploads\/2018\/04\/kalisz_wypadek2-150x150.jpg\" class=\"attachment-thumbnail size-thumbnail\" alt=\"\" \/><\/a>\n\t\t\t<\/div><\/figure><figure class='gallery-item'>\n\t\t\t<div class='gallery-icon landscape'>\n\t\t\t\t<a href='https:\/\/ostrowskatv.pl\/?attachment_id=6090'><img loading=\"lazy\" decoding=\"async\" width=\"150\" height=\"150\" src=\"https:\/\/ostrowskatv.pl\/wp-content\/uploads\/2018\/04\/kalisz_wypadek3-150x150.jpeg\" class=\"attachment-thumbnail size-thumbnail\" alt=\"\" \/><\/a>\n\t\t\t<\/div><\/figure>\n\t\t<\/div>\n\n","protected":false},"excerpt":{"rendered":"Po godzinie 14:00 z nieustalonych przyczyn BMW X5 zjecha\u0142o na przeciwny pas ruchu i zderzy\u0142o si\u0119 czo\u0142owo z samochodem ci\u0119\u017carowym. Osob\u00f3wk\u0105 jecha\u0142a 31-letnia \n<a class=\"moretag\" href=\"https:\/\/ostrowskatv.pl\/?p=6087\"> [...]<\/a>","protected":false},"author":1,"featured_media":6089,"comment_status":"open","ping_status":"open","sticky":false,"template":"","format":"standard","meta":{"footnotes":""},"categories":[1],"tags":[80],"class_list":["post-6087","post","type-post","status-publish","format-standard","has-post-thumbnail","hentry","category-news","tag-kalisz"],"_links":{"self":[{"href":"https:\/\/ostrowskatv.pl\/index.php?rest_route=\/wp\/v2\/posts\/6087","targetHints":{"allow":["GET"]}}],"collection":[{"href":"https:\/\/ostrowskatv.pl\/index.php?rest_route=\/wp\/v2\/posts"}],"about":[{"href":"https:\/\/ostrowskatv.pl\/index.php?rest_route=\/wp\/v2\/types\/post"}],"author":[{"embeddable":true,"href":"https:\/\/ostrowskatv.pl\/index.php?rest_route=\/wp\/v2\/users\/1"}],"replies":[{"embeddable":true,"href":"https:\/\/ostrowskatv.pl\/index.php?rest_route=%2Fwp%2Fv2%2Fcomments&post=6087"}],"version-history":[{"count":0,"href":"https:\/\/ostrowskatv.pl\/index.php?rest_route=\/wp\/v2\/posts\/6087\/revisions"}],"wp:featuredmedia":[{"embeddable":true,"href":"https:\/\/ostrowskatv.pl\/index.php?rest_route=\/wp\/v2\/media\/6089"}],"wp:attachment":[{"href":"https:\/\/ostrowskatv.pl\/index.php?rest_route=%2Fwp%2Fv2%2Fmedia&parent=6087"}],"wp:term":[{"taxonomy":"category","embeddable":true,"href":"https:\/\/ostrowskatv.pl\/index.php?rest_route=%2Fwp%2Fv2%2Fcategories&post=6087"},{"taxonomy":"post_tag","embeddable":true,"href":"https:\/\/ostrowskatv.pl\/index.php?rest_route=%2Fwp%2Fv2%2Ftags&post=6087"}],"curies":[{"name":"wp","href":"https:\/\/api.w.org\/{rel}","templated":true}]}}