{"id":6076,"date":"2018-04-13T09:28:11","date_gmt":"2018-04-13T08:28:11","guid":{"rendered":"http:\/\/ostrowska.tv\/?p=6076"},"modified":"2018-04-13T09:28:11","modified_gmt":"2018-04-13T08:28:11","slug":"mial-2-promile-wjechal-w-tyl-innego-auta","status":"publish","type":"post","link":"https:\/\/ostrowskatv.pl\/?p=6076","title":{"rendered":"Mia\u0142 2 promile. Wjecha\u0142 w ty\u0142 innego auta"},"content":{"rendered":"<p><strong>Po godzinie 7:00 dosz\u0142o do gro\u017anie wygl\u0105daj\u0105cego wypadku. W Odolanowie na drodze prowadz\u0105cej w stron\u0119 Sulmierzyc zderzy\u0142y si\u0119 dwa samochody osobowe. M\u0119\u017cczyzna kieruj\u0105cy Oplem Zafir\u0105 wjecha\u0142 w ty\u0142 znajduj\u0105cego si\u0119 przed nim Renault. Okaza\u0142o si\u0119, \u017ce sprawca z Opla mia\u0142 dwa promile.<\/strong><\/p>\n<p>Do zdarzenia dosz\u0142o na ul. Krotoszy\u0144skiej w Odolanowie. Kierowca Opla Zafiry nie zauwa\u017cy\u0142 stoj\u0105cego przed nim na skrzy\u017cowaniu innego samochodu. Powodem op\u00f3\u017anionego dekoncentracji z pewno\u015bci\u0105 by\u0142 alkohol obecny w organizmie sprawcy. Ten wydmucha\u0142 prawie 2 promile.<\/p>\n<p>Za sw\u00f3j czyn straci\u0142 prawo jazdy, a sprawa trafi do s\u0105du.<\/p>\n<div id='gallery-1' class='gallery galleryid-6076 gallery-columns-3 gallery-size-thumbnail'><figure class='gallery-item'>\n\t\t\t<div class='gallery-icon landscape'>\n\t\t\t\t<a href='https:\/\/ostrowskatv.pl\/?attachment_id=6081'><img loading=\"lazy\" decoding=\"async\" width=\"150\" height=\"150\" src=\"https:\/\/ostrowskatv.pl\/wp-content\/uploads\/2018\/04\/odolanow_sulm_01-150x150.jpg\" class=\"attachment-thumbnail size-thumbnail\" alt=\"\" \/><\/a>\n\t\t\t<\/div><\/figure><figure class='gallery-item'>\n\t\t\t<div class='gallery-icon landscape'>\n\t\t\t\t<a href='https:\/\/ostrowskatv.pl\/?attachment_id=6082'><img loading=\"lazy\" decoding=\"async\" width=\"150\" height=\"150\" src=\"https:\/\/ostrowskatv.pl\/wp-content\/uploads\/2018\/04\/odolanow_sulm_02-150x150.jpg\" class=\"attachment-thumbnail size-thumbnail\" alt=\"\" \/><\/a>\n\t\t\t<\/div><\/figure><figure class='gallery-item'>\n\t\t\t<div class='gallery-icon landscape'>\n\t\t\t\t<a href='https:\/\/ostrowskatv.pl\/?attachment_id=6083'><img loading=\"lazy\" decoding=\"async\" width=\"150\" height=\"150\" src=\"https:\/\/ostrowskatv.pl\/wp-content\/uploads\/2018\/04\/odolanow_sulm_03-150x150.jpg\" class=\"attachment-thumbnail size-thumbnail\" alt=\"\" \/><\/a>\n\t\t\t<\/div><\/figure><figure class='gallery-item'>\n\t\t\t<div class='gallery-icon landscape'>\n\t\t\t\t<a href='https:\/\/ostrowskatv.pl\/?attachment_id=6084'><img loading=\"lazy\" decoding=\"async\" width=\"150\" height=\"150\" src=\"https:\/\/ostrowskatv.pl\/wp-content\/uploads\/2018\/04\/odolanow_sulm_04-150x150.jpg\" class=\"attachment-thumbnail size-thumbnail\" alt=\"\" \/><\/a>\n\t\t\t<\/div><\/figure>\n\t\t<\/div>\n\n","protected":false},"excerpt":{"rendered":"Po godzinie 7:00 dosz\u0142o do gro\u017anie wygl\u0105daj\u0105cego wypadku. W Odolanowie na drodze prowadz\u0105cej w stron\u0119 Sulmierzyc zderzy\u0142y si\u0119 dwa samochody osobowe. M\u0119\u017cczyzna kieruj\u0105cy \n<a class=\"moretag\" href=\"https:\/\/ostrowskatv.pl\/?p=6076\"> [...]<\/a>","protected":false},"author":1,"featured_media":6084,"comment_status":"open","ping_status":"open","sticky":false,"template":"","format":"standard","meta":{"footnotes":""},"categories":[1],"tags":[38],"class_list":["post-6076","post","type-post","status-publish","format-standard","has-post-thumbnail","hentry","category-news","tag-odolanow"],"_links":{"self":[{"href":"https:\/\/ostrowskatv.pl\/index.php?rest_route=\/wp\/v2\/posts\/6076","targetHints":{"allow":["GET"]}}],"collection":[{"href":"https:\/\/ostrowskatv.pl\/index.php?rest_route=\/wp\/v2\/posts"}],"about":[{"href":"https:\/\/ostrowskatv.pl\/index.php?rest_route=\/wp\/v2\/types\/post"}],"author":[{"embeddable":true,"href":"https:\/\/ostrowskatv.pl\/index.php?rest_route=\/wp\/v2\/users\/1"}],"replies":[{"embeddable":true,"href":"https:\/\/ostrowskatv.pl\/index.php?rest_route=%2Fwp%2Fv2%2Fcomments&post=6076"}],"version-history":[{"count":0,"href":"https:\/\/ostrowskatv.pl\/index.php?rest_route=\/wp\/v2\/posts\/6076\/revisions"}],"wp:featuredmedia":[{"embeddable":true,"href":"https:\/\/ostrowskatv.pl\/index.php?rest_route=\/wp\/v2\/media\/6084"}],"wp:attachment":[{"href":"https:\/\/ostrowskatv.pl\/index.php?rest_route=%2Fwp%2Fv2%2Fmedia&parent=6076"}],"wp:term":[{"taxonomy":"category","embeddable":true,"href":"https:\/\/ostrowskatv.pl\/index.php?rest_route=%2Fwp%2Fv2%2Fcategories&post=6076"},{"taxonomy":"post_tag","embeddable":true,"href":"https:\/\/ostrowskatv.pl\/index.php?rest_route=%2Fwp%2Fv2%2Ftags&post=6076"}],"curies":[{"name":"wp","href":"https:\/\/api.w.org\/{rel}","templated":true}]}}