{"id":6060,"date":"2018-04-12T10:05:35","date_gmt":"2018-04-12T09:05:35","guid":{"rendered":"http:\/\/ostrowska.tv\/?p=6060"},"modified":"2018-04-12T10:06:40","modified_gmt":"2018-04-12T09:06:40","slug":"splonela-przyczepa-kempingowa","status":"publish","type":"post","link":"https:\/\/ostrowskatv.pl\/?p=6060","title":{"rendered":"Sp\u0142on\u0119\u0142a przyczepa kempingowa"},"content":{"rendered":"<p><strong>O wielkim pechu mo\u017ce m\u00f3wi\u0107 m\u0119\u017cczyzna wioz\u0105cy przyczep\u0119 kempingow\u0105. Kiedy podjecha\u0142 pod dom w Raszkowie, zorientowa\u0142 si\u0119, \u017ce przyczepa zaczyna mu si\u0119 pali\u0107. Niewiele my\u015bl\u0105c, postanowi\u0142 wywie\u017a\u0107 j\u0105 na pobliskie pole i odczepi\u0107, by nie zagra\u017ca\u0142a domowi i innym ludziom. Przyczepa zd\u0105\u017cy\u0142a ca\u0142a sp\u0142on\u0105\u0107. W trakcie po\u017caru dosz\u0142o do wybuchu.<\/strong><\/p>\n<p>Stra\u017cacy z Raszkowa i Ostrowa Wlkp. ugasili p\u0142omienie, ale z przyczepy ju\u017c niewiele zosta\u0142o. W zdarzeniu nikt postronny nie ucierpia\u0142.<\/p>\n<div id='gallery-1' class='gallery galleryid-6060 gallery-columns-3 gallery-size-thumbnail'><figure class='gallery-item'>\n\t\t\t<div class='gallery-icon landscape'>\n\t\t\t\t<a href='https:\/\/ostrowskatv.pl\/?attachment_id=6070'><img loading=\"lazy\" decoding=\"async\" width=\"150\" height=\"150\" src=\"https:\/\/ostrowskatv.pl\/wp-content\/uploads\/2018\/04\/camping4-150x150.jpg\" class=\"attachment-thumbnail size-thumbnail\" alt=\"\" \/><\/a>\n\t\t\t<\/div><\/figure><figure class='gallery-item'>\n\t\t\t<div class='gallery-icon landscape'>\n\t\t\t\t<a href='https:\/\/ostrowskatv.pl\/?attachment_id=6071'><img loading=\"lazy\" decoding=\"async\" width=\"150\" height=\"150\" src=\"https:\/\/ostrowskatv.pl\/wp-content\/uploads\/2018\/04\/camping5-150x150.jpg\" class=\"attachment-thumbnail size-thumbnail\" alt=\"\" \/><\/a>\n\t\t\t<\/div><\/figure><figure class='gallery-item'>\n\t\t\t<div class='gallery-icon landscape'>\n\t\t\t\t<a href='https:\/\/ostrowskatv.pl\/?attachment_id=6072'><img loading=\"lazy\" decoding=\"async\" width=\"150\" height=\"150\" src=\"https:\/\/ostrowskatv.pl\/wp-content\/uploads\/2018\/04\/camping6-150x150.jpg\" class=\"attachment-thumbnail size-thumbnail\" alt=\"\" \/><\/a>\n\t\t\t<\/div><\/figure><figure class='gallery-item'>\n\t\t\t<div class='gallery-icon landscape'>\n\t\t\t\t<a href='https:\/\/ostrowskatv.pl\/?attachment_id=6068'><img loading=\"lazy\" decoding=\"async\" width=\"150\" height=\"150\" src=\"https:\/\/ostrowskatv.pl\/wp-content\/uploads\/2018\/04\/camping2-150x150.jpg\" class=\"attachment-thumbnail size-thumbnail\" alt=\"\" \/><\/a>\n\t\t\t<\/div><\/figure><figure class='gallery-item'>\n\t\t\t<div class='gallery-icon landscape'>\n\t\t\t\t<a href='https:\/\/ostrowskatv.pl\/?attachment_id=6067'><img loading=\"lazy\" decoding=\"async\" width=\"150\" height=\"150\" src=\"https:\/\/ostrowskatv.pl\/wp-content\/uploads\/2018\/04\/camping1-150x150.jpg\" class=\"attachment-thumbnail size-thumbnail\" alt=\"\" \/><\/a>\n\t\t\t<\/div><\/figure><figure class='gallery-item'>\n\t\t\t<div class='gallery-icon landscape'>\n\t\t\t\t<a href='https:\/\/ostrowskatv.pl\/?attachment_id=6069'><img loading=\"lazy\" decoding=\"async\" width=\"150\" height=\"150\" src=\"https:\/\/ostrowskatv.pl\/wp-content\/uploads\/2018\/04\/camping3-150x150.jpg\" class=\"attachment-thumbnail size-thumbnail\" alt=\"\" \/><\/a>\n\t\t\t<\/div><\/figure>\n\t\t<\/div>\n\n<p>Autor zdj\u0119\u0107: Rafa\u0142 Jankowski<\/p>\n","protected":false},"excerpt":{"rendered":"O wielkim pechu mo\u017ce m\u00f3wi\u0107 m\u0119\u017cczyzna wioz\u0105cy przyczep\u0119 kempingow\u0105. Kiedy podjecha\u0142 pod dom w Raszkowie, zorientowa\u0142 si\u0119, \u017ce przyczepa zaczyna mu si\u0119 pali\u0107. \n<a class=\"moretag\" href=\"https:\/\/ostrowskatv.pl\/?p=6060\"> [...]<\/a>","protected":false},"author":1,"featured_media":6070,"comment_status":"open","ping_status":"open","sticky":false,"template":"","format":"standard","meta":{"footnotes":""},"categories":[1],"tags":[73],"class_list":["post-6060","post","type-post","status-publish","format-standard","has-post-thumbnail","hentry","category-news","tag-raszkow"],"_links":{"self":[{"href":"https:\/\/ostrowskatv.pl\/index.php?rest_route=\/wp\/v2\/posts\/6060","targetHints":{"allow":["GET"]}}],"collection":[{"href":"https:\/\/ostrowskatv.pl\/index.php?rest_route=\/wp\/v2\/posts"}],"about":[{"href":"https:\/\/ostrowskatv.pl\/index.php?rest_route=\/wp\/v2\/types\/post"}],"author":[{"embeddable":true,"href":"https:\/\/ostrowskatv.pl\/index.php?rest_route=\/wp\/v2\/users\/1"}],"replies":[{"embeddable":true,"href":"https:\/\/ostrowskatv.pl\/index.php?rest_route=%2Fwp%2Fv2%2Fcomments&post=6060"}],"version-history":[{"count":0,"href":"https:\/\/ostrowskatv.pl\/index.php?rest_route=\/wp\/v2\/posts\/6060\/revisions"}],"wp:featuredmedia":[{"embeddable":true,"href":"https:\/\/ostrowskatv.pl\/index.php?rest_route=\/wp\/v2\/media\/6070"}],"wp:attachment":[{"href":"https:\/\/ostrowskatv.pl\/index.php?rest_route=%2Fwp%2Fv2%2Fmedia&parent=6060"}],"wp:term":[{"taxonomy":"category","embeddable":true,"href":"https:\/\/ostrowskatv.pl\/index.php?rest_route=%2Fwp%2Fv2%2Fcategories&post=6060"},{"taxonomy":"post_tag","embeddable":true,"href":"https:\/\/ostrowskatv.pl\/index.php?rest_route=%2Fwp%2Fv2%2Ftags&post=6060"}],"curies":[{"name":"wp","href":"https:\/\/api.w.org\/{rel}","templated":true}]}}