{"id":6029,"date":"2018-04-04T16:43:18","date_gmt":"2018-04-04T15:43:18","guid":{"rendered":"http:\/\/ostrowska.tv\/?p=6029"},"modified":"2018-04-04T16:43:18","modified_gmt":"2018-04-04T15:43:18","slug":"legendy-urbaniaka-obwodnice-ostrowa-i-jarocina-za-gar-zupy","status":"publish","type":"post","link":"https:\/\/ostrowskatv.pl\/?p=6029","title":{"rendered":"Legendy Urbaniaka &#8211; Obwodnice Ostrowa i Jarocina za gar zupy!"},"content":{"rendered":"<p><strong>Pose\u0142 Jaros\u0142aw Urbaniak po przegranych wyborach prezydenckich, zosta\u0142 pos\u0142em z ramienia Platformy Obywatelskiej. Cz\u0119sto s\u0142yszy si\u0119, \u017ce nasi wybra\u0144cy po pewnym czasie sprawiaj\u0105 wra\u017cenie oderwanych od rzeczywisto\u015bci i niekoniecznie od koryta. Dzisiaj Jaros\u0142aw Urbaniak opowiedzia\u0142 co\u015b co mo\u017cna traktowa\u0107 w kategoriach nowej, ostrowskiej legendy. Wed\u0142ug jego zapewnie\u0144 obwodnice Ostrowa Wlkp. i Jarocina zosta\u0142y uzyskane dzi\u0119ki garowi zupy.<\/strong><\/p>\n<p>Do tej pory mieszka\u0144cy Ostrowa Wielkopolskiego mogli us\u0142ysze\u0107, \u017ce to nie kto inny, a w\u0142a\u015bnie Jaros\u0142aw Urbaniak wywalczy\u0142 obwodnic\u0119 Ostrowa Wlkp. Dodajmy, \u017ce jak zosta\u0142 prezydentem, to przypadkowo zabrak\u0142o pieni\u0119dzy i uniewa\u017cniono przetarg. Innym razem mo\u017cna by\u0142o us\u0142ysze\u0107, \u017ce wozi\u0142 nalewki do ministerstwa czy te\u017c zorganizowa\u0142 posiedzenie wyjazdowe komisji infrastruktury.<\/p>\n<p>Dzisiaj na konferencji prasowej po\u015bwi\u0119conej nagrodom i premiom, stwierdzi\u0142, \u017ce obwodnice Ostrowa Wielkopolskiego i Jarocina s\u0105 rezultatem przygotowania garu zupy dla pasa\u017cer\u00f3w PKP.<br \/>\nBy\u0142 pocz\u0105tek 2014 r. Zamarzaj\u0105cy deszcz sparali\u017cowa\u0142 szlaki kolejowe. Cz\u0119\u015b\u0107 poci\u0105g\u00f3w zatrzyma\u0142a si\u0119 w pobli\u017cu naszego miasta. To w\u0142a\u015bnie wtedy redaktor Marek Radziszewski otrzyma\u0142 telefon od kobiety mieszkaj\u0105cej w Berlinie i s\u0142uchaj\u0105cej Polskiego Radia, kt\u00f3ra zaniepokoi\u0142a si\u0119 pozostawieniem pasa\u017cer\u00f3w poci\u0105g\u00f3w na \u0142ask\u0119 losu. Sp\u0119dzali oni wiele godzin, niekt\u00f3rzy z dzie\u0107mi na terenie ostrowskiego dworca bez zapewnienia opieki ze strony kogokolwiek.<\/p>\n<p>Szybka dziennikarska interwencja zaowocowa\u0142a znalezieniem darczy\u0144cy w osobie Tomasza Gostomczyka, kt\u00f3ry ufundowa\u0142 ciep\u0142e posi\u0142ki dla pasa\u017cer\u00f3w. Chwil\u0119 wcze\u015bniej wiceprezydent Ostrowa Wlkp. odm\u00f3wi\u0142a pomocy, t\u0142umacz\u0105c, \u017ce przed jej domem jest zbyt \u015blisko by mog\u0142a z niego wyj\u015b\u0107. Gdy jeden z wypuszczonych na zwiady urz\u0119dnik\u00f3w zorientowa\u0142 si\u0119 w sytuacji, nagle okaza\u0142o si\u0119, \u017ce mo\u017cna. Urz\u0119dnicy zorganizowali gar zupy i pocz\u0119stowali nim podr\u00f3\u017cnych.<\/p>\n<p>Po czasie okaza\u0142o si\u0119, \u017ce niech\u0119tna do pomocy wiceprezydent Marlena Mal\u0105g otrzyma\u0142a za t\u0105 akcj\u0119 nagrod\u0119 w wysoko\u015bci 12 tys. z\u0142. Jaki opisany wy\u017cej gar zupy prze\u0142o\u017cy\u0142 si\u0119 na obwodnice Ostrowa i Jarocina?<\/p>\n<p>Zdaniem pos\u0142a Jaros\u0142awa Urbaniaka, po tej akcji, mia\u0142a zadzwoni\u0107 do niego minister El\u017cbieta Bie\u0144kowska i zapyta\u0142a si\u0119 jak mo\u017ce si\u0119 odwdzi\u0119czy\u0107 za przygotowanie garu zupy. W\u00f3wczas Urbaniak mia\u0142 odpowiedzie\u0107, \u017ce zale\u017cy mu na obwodnicy Ostrowa Wlkp. i Jarocina. I w ten oto cudowny spos\u00f3b, wed\u0142ug najnowszej legendy &#8222;za\u0142atwiono&#8221; obwodnice dw\u00f3ch wielkopolskich miast. Swoj\u0105 drog\u0105 tak si\u0119 za\u0142atwia\u0142o finansowanie inwestycji za rz\u0105d\u00f3w PO w Polsce?<\/p>\n<p>Trudno nam uwierzy\u0107 w taki przebieg zdarze\u0144, ale mo\u017ce legenda by\u0142a skutkiem mocno grzej\u0105cego dzi\u015b s\u0142o\u0144ca.<\/p>\n","protected":false},"excerpt":{"rendered":"Pose\u0142 Jaros\u0142aw Urbaniak po przegranych wyborach prezydenckich, zosta\u0142 pos\u0142em z ramienia Platformy Obywatelskiej. Cz\u0119sto s\u0142yszy si\u0119, \u017ce nasi wybra\u0144cy po pewnym czasie sprawiaj\u0105 \n<a class=\"moretag\" href=\"https:\/\/ostrowskatv.pl\/?p=6029\"> [...]<\/a>","protected":false},"author":1,"featured_media":6030,"comment_status":"open","ping_status":"open","sticky":false,"template":"","format":"standard","meta":{"footnotes":""},"categories":[1],"tags":[2],"class_list":["post-6029","post","type-post","status-publish","format-standard","has-post-thumbnail","hentry","category-news","tag-ostrow-wielkopolski"],"_links":{"self":[{"href":"https:\/\/ostrowskatv.pl\/index.php?rest_route=\/wp\/v2\/posts\/6029","targetHints":{"allow":["GET"]}}],"collection":[{"href":"https:\/\/ostrowskatv.pl\/index.php?rest_route=\/wp\/v2\/posts"}],"about":[{"href":"https:\/\/ostrowskatv.pl\/index.php?rest_route=\/wp\/v2\/types\/post"}],"author":[{"embeddable":true,"href":"https:\/\/ostrowskatv.pl\/index.php?rest_route=\/wp\/v2\/users\/1"}],"replies":[{"embeddable":true,"href":"https:\/\/ostrowskatv.pl\/index.php?rest_route=%2Fwp%2Fv2%2Fcomments&post=6029"}],"version-history":[{"count":0,"href":"https:\/\/ostrowskatv.pl\/index.php?rest_route=\/wp\/v2\/posts\/6029\/revisions"}],"wp:featuredmedia":[{"embeddable":true,"href":"https:\/\/ostrowskatv.pl\/index.php?rest_route=\/wp\/v2\/media\/6030"}],"wp:attachment":[{"href":"https:\/\/ostrowskatv.pl\/index.php?rest_route=%2Fwp%2Fv2%2Fmedia&parent=6029"}],"wp:term":[{"taxonomy":"category","embeddable":true,"href":"https:\/\/ostrowskatv.pl\/index.php?rest_route=%2Fwp%2Fv2%2Fcategories&post=6029"},{"taxonomy":"post_tag","embeddable":true,"href":"https:\/\/ostrowskatv.pl\/index.php?rest_route=%2Fwp%2Fv2%2Ftags&post=6029"}],"curies":[{"name":"wp","href":"https:\/\/api.w.org\/{rel}","templated":true}]}}