{"id":6023,"date":"2018-04-03T22:11:09","date_gmt":"2018-04-03T21:11:09","guid":{"rendered":"http:\/\/ostrowska.tv\/?p=6023"},"modified":"2018-04-03T22:11:09","modified_gmt":"2018-04-03T21:11:09","slug":"kolizja-3-aut-na-kosciuszki","status":"publish","type":"post","link":"https:\/\/ostrowskatv.pl\/?p=6023","title":{"rendered":"Kolizja 3 aut na Ko\u015bciuszki"},"content":{"rendered":"<p><strong>We wtorkowe popo\u0142udnie dosz\u0142o do zderzenia si\u0119 trzech aut osobowych. M\u0142ody kierowca wyje\u017cd\u017ca\u0142 Fiatem Cinquecento z osiedla znajduj\u0105cego si\u0119 na terenie dawnej jednostki wojskowej przy ul. Ko\u015bciuszki. Chcia\u0142 skr\u0119ci\u0107 w prawo. Po dwukrotnym upewnieniu si\u0119\u00a0 czy nic nie nadje\u017cd\u017ca, zacz\u0105\u0142 rusza\u0107. Zorientowa\u0142 si\u0119 jednak, \u017ce nadje\u017cd\u017ca Skoda Octavia i wcisn\u0105\u0142 peda\u0142 hamulca. By\u0142o ju\u017c za p\u00f3\u017ano.<\/strong><\/p>\n<p>Fiat uderzy\u0142 w Skod\u0119, a ta odbijaj\u0105c uderzy\u0142a w Forda jad\u0105cego przeciwnym pasem ruchu. Ostatecznie zderzenie trzech aut zakwalifikowano jako kolizj\u0119, poniewa\u017c nikt nie ucierpia\u0142.<\/p>\n<div id='gallery-1' class='gallery galleryid-6023 gallery-columns-3 gallery-size-thumbnail'><figure class='gallery-item'>\n\t\t\t<div class='gallery-icon landscape'>\n\t\t\t\t<a href='https:\/\/ostrowskatv.pl\/?attachment_id=6027'><img loading=\"lazy\" decoding=\"async\" width=\"150\" height=\"150\" src=\"https:\/\/ostrowskatv.pl\/wp-content\/uploads\/2018\/04\/20180403_161647-150x150.jpg\" class=\"attachment-thumbnail size-thumbnail\" alt=\"\" \/><\/a>\n\t\t\t<\/div><\/figure><figure class='gallery-item'>\n\t\t\t<div class='gallery-icon landscape'>\n\t\t\t\t<a href='https:\/\/ostrowskatv.pl\/?attachment_id=6026'><img loading=\"lazy\" decoding=\"async\" width=\"150\" height=\"150\" src=\"https:\/\/ostrowskatv.pl\/wp-content\/uploads\/2018\/04\/20180403_161251-150x150.jpg\" class=\"attachment-thumbnail size-thumbnail\" alt=\"\" \/><\/a>\n\t\t\t<\/div><\/figure><figure class='gallery-item'>\n\t\t\t<div class='gallery-icon landscape'>\n\t\t\t\t<a href='https:\/\/ostrowskatv.pl\/?attachment_id=6025'><img loading=\"lazy\" decoding=\"async\" width=\"150\" height=\"150\" src=\"https:\/\/ostrowskatv.pl\/wp-content\/uploads\/2018\/04\/20180403_160946-150x150.jpg\" class=\"attachment-thumbnail size-thumbnail\" alt=\"\" \/><\/a>\n\t\t\t<\/div><\/figure><figure class='gallery-item'>\n\t\t\t<div class='gallery-icon landscape'>\n\t\t\t\t<a href='https:\/\/ostrowskatv.pl\/?attachment_id=6024'><img loading=\"lazy\" decoding=\"async\" width=\"150\" height=\"150\" src=\"https:\/\/ostrowskatv.pl\/wp-content\/uploads\/2018\/04\/20180403_160546-150x150.jpg\" class=\"attachment-thumbnail size-thumbnail\" alt=\"\" \/><\/a>\n\t\t\t<\/div><\/figure>\n\t\t<\/div>\n\n","protected":false},"excerpt":{"rendered":"We wtorkowe popo\u0142udnie dosz\u0142o do zderzenia si\u0119 trzech aut osobowych. M\u0142ody kierowca wyje\u017cd\u017ca\u0142 Fiatem Cinquecento z osiedla znajduj\u0105cego si\u0119 na terenie dawnej jednostki \n<a class=\"moretag\" href=\"https:\/\/ostrowskatv.pl\/?p=6023\"> [...]<\/a>","protected":false},"author":1,"featured_media":6024,"comment_status":"open","ping_status":"open","sticky":false,"template":"","format":"standard","meta":{"footnotes":""},"categories":[1],"tags":[2],"class_list":["post-6023","post","type-post","status-publish","format-standard","has-post-thumbnail","hentry","category-news","tag-ostrow-wielkopolski"],"_links":{"self":[{"href":"https:\/\/ostrowskatv.pl\/index.php?rest_route=\/wp\/v2\/posts\/6023","targetHints":{"allow":["GET"]}}],"collection":[{"href":"https:\/\/ostrowskatv.pl\/index.php?rest_route=\/wp\/v2\/posts"}],"about":[{"href":"https:\/\/ostrowskatv.pl\/index.php?rest_route=\/wp\/v2\/types\/post"}],"author":[{"embeddable":true,"href":"https:\/\/ostrowskatv.pl\/index.php?rest_route=\/wp\/v2\/users\/1"}],"replies":[{"embeddable":true,"href":"https:\/\/ostrowskatv.pl\/index.php?rest_route=%2Fwp%2Fv2%2Fcomments&post=6023"}],"version-history":[{"count":0,"href":"https:\/\/ostrowskatv.pl\/index.php?rest_route=\/wp\/v2\/posts\/6023\/revisions"}],"wp:featuredmedia":[{"embeddable":true,"href":"https:\/\/ostrowskatv.pl\/index.php?rest_route=\/wp\/v2\/media\/6024"}],"wp:attachment":[{"href":"https:\/\/ostrowskatv.pl\/index.php?rest_route=%2Fwp%2Fv2%2Fmedia&parent=6023"}],"wp:term":[{"taxonomy":"category","embeddable":true,"href":"https:\/\/ostrowskatv.pl\/index.php?rest_route=%2Fwp%2Fv2%2Fcategories&post=6023"},{"taxonomy":"post_tag","embeddable":true,"href":"https:\/\/ostrowskatv.pl\/index.php?rest_route=%2Fwp%2Fv2%2Ftags&post=6023"}],"curies":[{"name":"wp","href":"https:\/\/api.w.org\/{rel}","templated":true}]}}