{"id":6016,"date":"2018-03-31T20:43:26","date_gmt":"2018-03-31T19:43:26","guid":{"rendered":"http:\/\/ostrowska.tv\/?p=6016"},"modified":"2018-03-31T20:43:26","modified_gmt":"2018-03-31T19:43:26","slug":"wypadek-w-radlowie-bmw-vs-alfa-romeo","status":"publish","type":"post","link":"https:\/\/ostrowskatv.pl\/?p=6016","title":{"rendered":"Wypadek w Rad\u0142owie. BMW vs. Alfa Romeo"},"content":{"rendered":"<p><strong>W sobot\u0119 o godzinie 20:40 dosz\u0142o do wypadku dw\u00f3ch samochod\u00f3w osobowych. Kierowca BMW uderzy\u0142 w ty\u0142 Alfy Romeo, kt\u00f3ra nast\u0119pnie wjecha\u0142a w barierki ochronne. Kierowca z Alfy zosta\u0142 zabezpieczony przez stra\u017cak\u00f3w, a nast\u0119pnie przeniesiony na medyczne nosze. Trafi\u0142 do ostrowskiego szpitala. Do zdarzenia dosz\u0142o w Rad\u0142owie na skrzy\u017cowaniu ulic Wiejska\/Wojska Polskiego.\u00a0<\/strong><\/p>\n<p>Na miejsce zadysponowano stra\u017c po\u017carn\u0105 z Ostrowa Wlkp. oraz Rad\u0142owa, policj\u0119 oraz jedn\u0105 karetk\u0119. BMW by\u0142o na tablicach rejestracyjnych z powiatu kaliskiego, a Alfa Romeo na niemieckich.<\/p>\n<div id='gallery-1' class='gallery galleryid-6016 gallery-columns-3 gallery-size-thumbnail'><figure class='gallery-item'>\n\t\t\t<div class='gallery-icon landscape'>\n\t\t\t\t<a href='https:\/\/ostrowskatv.pl\/?attachment_id=6018'><img loading=\"lazy\" decoding=\"async\" width=\"150\" height=\"150\" src=\"https:\/\/ostrowskatv.pl\/wp-content\/uploads\/2018\/03\/20180331_210718-150x150.jpg\" class=\"attachment-thumbnail size-thumbnail\" alt=\"\" \/><\/a>\n\t\t\t<\/div><\/figure><figure class='gallery-item'>\n\t\t\t<div class='gallery-icon landscape'>\n\t\t\t\t<a href='https:\/\/ostrowskatv.pl\/?attachment_id=6017'><img loading=\"lazy\" decoding=\"async\" width=\"150\" height=\"150\" src=\"https:\/\/ostrowskatv.pl\/wp-content\/uploads\/2018\/03\/20180331_210654-150x150.jpg\" class=\"attachment-thumbnail size-thumbnail\" alt=\"\" \/><\/a>\n\t\t\t<\/div><\/figure><figure class='gallery-item'>\n\t\t\t<div class='gallery-icon landscape'>\n\t\t\t\t<a href='https:\/\/ostrowskatv.pl\/?attachment_id=6019'><img loading=\"lazy\" decoding=\"async\" width=\"150\" height=\"150\" src=\"https:\/\/ostrowskatv.pl\/wp-content\/uploads\/2018\/03\/20180331_210618-150x150.jpg\" class=\"attachment-thumbnail size-thumbnail\" alt=\"\" \/><\/a>\n\t\t\t<\/div><\/figure><figure class='gallery-item'>\n\t\t\t<div class='gallery-icon landscape'>\n\t\t\t\t<a href='https:\/\/ostrowskatv.pl\/?attachment_id=6020'><img loading=\"lazy\" decoding=\"async\" width=\"150\" height=\"150\" src=\"https:\/\/ostrowskatv.pl\/wp-content\/uploads\/2018\/03\/20180331_210638-150x150.jpg\" class=\"attachment-thumbnail size-thumbnail\" alt=\"\" \/><\/a>\n\t\t\t<\/div><\/figure><figure class='gallery-item'>\n\t\t\t<div class='gallery-icon landscape'>\n\t\t\t\t<a href='https:\/\/ostrowskatv.pl\/?attachment_id=6021'><img loading=\"lazy\" decoding=\"async\" width=\"150\" height=\"150\" src=\"https:\/\/ostrowskatv.pl\/wp-content\/uploads\/2018\/03\/20180331_210728-150x150.jpg\" class=\"attachment-thumbnail size-thumbnail\" alt=\"\" \/><\/a>\n\t\t\t<\/div><\/figure>\n\t\t<\/div>\n\n","protected":false},"excerpt":{"rendered":"W sobot\u0119 o godzinie 20:40 dosz\u0142o do wypadku dw\u00f3ch samochod\u00f3w osobowych. Kierowca BMW uderzy\u0142 w ty\u0142 Alfy Romeo, kt\u00f3ra nast\u0119pnie wjecha\u0142a w barierki \n<a class=\"moretag\" href=\"https:\/\/ostrowskatv.pl\/?p=6016\"> [...]<\/a>","protected":false},"author":1,"featured_media":6018,"comment_status":"open","ping_status":"open","sticky":false,"template":"","format":"standard","meta":{"footnotes":""},"categories":[1],"tags":[138],"class_list":["post-6016","post","type-post","status-publish","format-standard","has-post-thumbnail","hentry","category-news","tag-radlow"],"_links":{"self":[{"href":"https:\/\/ostrowskatv.pl\/index.php?rest_route=\/wp\/v2\/posts\/6016","targetHints":{"allow":["GET"]}}],"collection":[{"href":"https:\/\/ostrowskatv.pl\/index.php?rest_route=\/wp\/v2\/posts"}],"about":[{"href":"https:\/\/ostrowskatv.pl\/index.php?rest_route=\/wp\/v2\/types\/post"}],"author":[{"embeddable":true,"href":"https:\/\/ostrowskatv.pl\/index.php?rest_route=\/wp\/v2\/users\/1"}],"replies":[{"embeddable":true,"href":"https:\/\/ostrowskatv.pl\/index.php?rest_route=%2Fwp%2Fv2%2Fcomments&post=6016"}],"version-history":[{"count":0,"href":"https:\/\/ostrowskatv.pl\/index.php?rest_route=\/wp\/v2\/posts\/6016\/revisions"}],"wp:featuredmedia":[{"embeddable":true,"href":"https:\/\/ostrowskatv.pl\/index.php?rest_route=\/wp\/v2\/media\/6018"}],"wp:attachment":[{"href":"https:\/\/ostrowskatv.pl\/index.php?rest_route=%2Fwp%2Fv2%2Fmedia&parent=6016"}],"wp:term":[{"taxonomy":"category","embeddable":true,"href":"https:\/\/ostrowskatv.pl\/index.php?rest_route=%2Fwp%2Fv2%2Fcategories&post=6016"},{"taxonomy":"post_tag","embeddable":true,"href":"https:\/\/ostrowskatv.pl\/index.php?rest_route=%2Fwp%2Fv2%2Ftags&post=6016"}],"curies":[{"name":"wp","href":"https:\/\/api.w.org\/{rel}","templated":true}]}}