{"id":6010,"date":"2018-03-30T16:53:02","date_gmt":"2018-03-30T15:53:02","guid":{"rendered":"http:\/\/ostrowska.tv\/?p=6010"},"modified":"2018-03-30T16:53:24","modified_gmt":"2018-03-30T15:53:24","slug":"ta-inwestycja-moze-mocno-utrudnic-ruch-w-centrum-miasta","status":"publish","type":"post","link":"https:\/\/ostrowskatv.pl\/?p=6010","title":{"rendered":"Ta inwestycja mo\u017ce mocno utrudni\u0107 ruch w centrum miasta"},"content":{"rendered":"<p><strong>Miejski Zarz\u0105d Dr\u00f3g realizuje budow\u0119 &#8222;antyzatoki&#8221; autobusowej. Znajdzie si\u0119 na niej wiata przystankowa oraz przystanek autobusowy. Inwestycja odbywa si\u0119 kosztem po\u0142owy szeroko\u015bci jezdni, kt\u00f3ra w godzinach szczytu ju\u017c bywa\u0142a zakorkowana.<\/strong><\/p>\n<p>Marcin Wieruchowski, dyrektor MZD przekonuje, \u017ce spowolnienie ruchu wp\u0142ynie na bezpiecze\u0144stwo wysiadaj\u0105cych z autobus\u00f3w. To\u017csame korzy\u015bci maj\u0105 odczu\u0107 mieszka\u0144cy id\u0105cy na pobliski plac zabaw czy fontann\u0119. Dyrektorowi MZD nie przeszkadza, \u017ce znacz\u0105co zwi\u0119ksz\u0105 si\u0119 korki od ul. Partyzanckiej.<\/p>\n<p>Problem polega na tym, \u017ce zatrzymuj\u0105cy si\u0119 po pasa\u017cer\u00f3w autobus, ca\u0142kowicie zablokuje przejazd t\u0105 stron\u0105 Placu 23 stycznia. Dodajmy do tego kilku pasa\u017cer\u00f3w chc\u0105cych zakupi\u0107 bilet i olbrzymi korek murowany.<\/p>\n<p>Przypomnijmy, \u017ce niedalekiej przysz\u0142o\u015bci ma obowi\u0105zywa\u0107 w tym miejscu ograniczenie do 30 km\/h.<\/p>\n<div id='gallery-1' class='gallery galleryid-6010 gallery-columns-3 gallery-size-thumbnail'><figure class='gallery-item'>\n\t\t\t<div class='gallery-icon landscape'>\n\t\t\t\t<a href='https:\/\/ostrowskatv.pl\/?attachment_id=6012'><img loading=\"lazy\" decoding=\"async\" width=\"150\" height=\"150\" src=\"https:\/\/ostrowskatv.pl\/wp-content\/uploads\/2018\/03\/przystanek_plac_23_stycznia-150x150.jpg\" class=\"attachment-thumbnail size-thumbnail\" alt=\"\" \/><\/a>\n\t\t\t<\/div><\/figure><figure class='gallery-item'>\n\t\t\t<div class='gallery-icon landscape'>\n\t\t\t\t<a href='https:\/\/ostrowskatv.pl\/?attachment_id=6011'><img loading=\"lazy\" decoding=\"async\" width=\"150\" height=\"150\" src=\"https:\/\/ostrowskatv.pl\/wp-content\/uploads\/2018\/03\/przystanek_plac_23_stycznia2-150x150.jpg\" class=\"attachment-thumbnail size-thumbnail\" alt=\"\" \/><\/a>\n\t\t\t<\/div><\/figure>\n\t\t<\/div>\n\n","protected":false},"excerpt":{"rendered":"Miejski Zarz\u0105d Dr\u00f3g realizuje budow\u0119 &#8222;antyzatoki&#8221; autobusowej. Znajdzie si\u0119 na niej wiata przystankowa oraz przystanek autobusowy. Inwestycja odbywa si\u0119 kosztem po\u0142owy szeroko\u015bci jezdni, \n<a class=\"moretag\" href=\"https:\/\/ostrowskatv.pl\/?p=6010\"> [...]<\/a>","protected":false},"author":1,"featured_media":6012,"comment_status":"open","ping_status":"open","sticky":false,"template":"","format":"standard","meta":{"footnotes":""},"categories":[1],"tags":[2],"class_list":["post-6010","post","type-post","status-publish","format-standard","has-post-thumbnail","hentry","category-news","tag-ostrow-wielkopolski"],"_links":{"self":[{"href":"https:\/\/ostrowskatv.pl\/index.php?rest_route=\/wp\/v2\/posts\/6010","targetHints":{"allow":["GET"]}}],"collection":[{"href":"https:\/\/ostrowskatv.pl\/index.php?rest_route=\/wp\/v2\/posts"}],"about":[{"href":"https:\/\/ostrowskatv.pl\/index.php?rest_route=\/wp\/v2\/types\/post"}],"author":[{"embeddable":true,"href":"https:\/\/ostrowskatv.pl\/index.php?rest_route=\/wp\/v2\/users\/1"}],"replies":[{"embeddable":true,"href":"https:\/\/ostrowskatv.pl\/index.php?rest_route=%2Fwp%2Fv2%2Fcomments&post=6010"}],"version-history":[{"count":0,"href":"https:\/\/ostrowskatv.pl\/index.php?rest_route=\/wp\/v2\/posts\/6010\/revisions"}],"wp:featuredmedia":[{"embeddable":true,"href":"https:\/\/ostrowskatv.pl\/index.php?rest_route=\/wp\/v2\/media\/6012"}],"wp:attachment":[{"href":"https:\/\/ostrowskatv.pl\/index.php?rest_route=%2Fwp%2Fv2%2Fmedia&parent=6010"}],"wp:term":[{"taxonomy":"category","embeddable":true,"href":"https:\/\/ostrowskatv.pl\/index.php?rest_route=%2Fwp%2Fv2%2Fcategories&post=6010"},{"taxonomy":"post_tag","embeddable":true,"href":"https:\/\/ostrowskatv.pl\/index.php?rest_route=%2Fwp%2Fv2%2Ftags&post=6010"}],"curies":[{"name":"wp","href":"https:\/\/api.w.org\/{rel}","templated":true}]}}