{"id":601,"date":"2016-03-18T13:38:42","date_gmt":"2016-03-18T12:38:42","guid":{"rendered":"http:\/\/ostrowska.tv\/?p=601"},"modified":"2016-03-18T13:38:42","modified_gmt":"2016-03-18T12:38:42","slug":"sarny-niszcza-cmentarz","status":"publish","type":"post","link":"https:\/\/ostrowskatv.pl\/?p=601","title":{"rendered":"Sarny niszcz\u0105 cmentarz"},"content":{"rendered":"<p><strong>Nietypowy problem zg\u0142osi\u0142y nam osoby, kt\u00f3re odwiedzaj\u0105 swoich bliskich na cmentarzu przy ulicy Limanowskiego. Od pewnego czasu grasuj\u0105 s\u0105 tam sarny, kt\u00f3re regularnie zjadaj\u0105 kwiaty z grob\u00f3w.<\/strong><\/p>\n<p>Zwierz\u0119ta maj\u0105 dostawa\u0107 si\u0119 na teren cmentarza z powodu uszkodzonego ogrodzenia. Kiedy udaje im si\u0119 pokona\u0107 przeszkod\u0119 (potrafi\u0105 skaka\u0107 na wysoko\u015b\u0107 ok. 2 metr\u00f3w), ich celem s\u0105 groby, a dok\u0142adniej znajduj\u0105ce si\u0119 na nich kwiaty. Sarny zjadaj\u0105 ich ko\u0144c\u00f3wki, a to irytuje tych, kt\u00f3rzy odwiedzaj\u0105 swoich bliskich i dbaj\u0105 o wygl\u0105d pomnik\u00f3w. Bardzo cz\u0119sto dzieje si\u0119 tak, \u017ce kwiaty po\u0142o\u017cone jednego dnia, znikaj\u0105 ju\u017c nast\u0119pnego.<\/p>\n<blockquote><p>Przysz\u0142a kiedy\u015b do mnie kobieta, zap\u0142akana. Dzie\u0144 wcze\u015bniej pochowa\u0142a swoj\u0105 mam\u0119. Nazajutrz zasta\u0142a same \u0142odygi kwiat\u00f3w. Wie\u0144ce wygl\u0105da\u0142y tragicznie &#8211; w ten spos\u00f3b \u017cali\u0142a si\u0119 kobieta jednemu z okolicznych sprzedawc\u00f3w. Pocz\u0105tkowo my\u015bla\u0142a, \u017ce to jaki\u015b wandal, ale obok zobaczy\u0142a \u015blady po kopytach saren.<\/p><\/blockquote>\n<p>Sarny s\u0105 te\u017c widywane na terenie pobliskiego szpitala. Potrafi\u0105 si\u0119 wylegiwa\u0107 w stadzie si\u0119gaj\u0105cym 10 sztuk.<\/p>\n<p>Problem jest znany tak\u017ce sprzedawcom kwiat\u00f3w, kt\u00f3rzy maj\u0105 swoje stoiska tu\u017c przed g\u0142\u00f3wn\u0105 bram\u0105 cmentarza. Osoby skar\u017c\u0105ce si\u0119 na sarny zg\u0142aszaj\u0105 si\u0119 do nich bardzo regularnie. Zwierz\u0105t jest na tyle du\u017co, \u017ce jednego dnia potrafi\u0105 zje\u015b\u0107 kwiaty z kilku lub nawet kilkunastu grob\u00f3w.<\/p>\n<p>Sarny gustuj\u0105 g\u0142\u00f3wnie w bratkach, ale nie gardz\u0105 te\u017c r\u00f3\u017cami. Ich szkodliwa obecno\u015b\u0107 na cmentarzu przy ul. Limanowskiego nasila si\u0119 w czasie du\u017cych mroz\u00f3w. Rozwi\u0105zaniem dora\u017anym mo\u017ce by\u0107 dla bliskich zmar\u0142ych inwestowanie w sztuczne kwiaty.<\/p>\n<p>W ca\u0142ej sprawie problemem s\u0105 ubytki w ogrodzeniu. Temat doskonale zna ksi\u0105dz proboszcz Krzysztof Nojman z ostrowskiej konkatedry, kt\u00f3ry wyja\u015bni\u0142 nam, \u017ce ogrodzenie wok\u00f3\u0142 cmentarza jest regularnie niszczone. Komu\u015b widocznie na tym zale\u017cy, pytanie pozostaje komu. Proboszcz zapewni\u0142 nas r\u00f3wnie\u017c, \u017ce i tym razem ogrodzenie zostanie naprawione, tak \u017ceby ograniczy\u0107 wizyty zwierz\u0105t na cmentarzu. <strong>Jak inaczej mo\u017cna unikn\u0105\u0107 tego problemu? Zach\u0119camy do dyskusji w komentarzach.<\/strong><\/p>\n<div id='gallery-1' class='gallery galleryid-601 gallery-columns-3 gallery-size-thumbnail'><figure class='gallery-item'>\n\t\t\t<div class='gallery-icon landscape'>\n\t\t\t\t<a href='https:\/\/ostrowskatv.pl\/?attachment_id=603'><img loading=\"lazy\" decoding=\"async\" width=\"150\" height=\"150\" src=\"https:\/\/ostrowskatv.pl\/wp-content\/uploads\/2016\/03\/cmentarz-limanowskiego-1-150x150.jpg\" class=\"attachment-thumbnail size-thumbnail\" alt=\"\" \/><\/a>\n\t\t\t<\/div><\/figure><figure class='gallery-item'>\n\t\t\t<div class='gallery-icon landscape'>\n\t\t\t\t<a href='https:\/\/ostrowskatv.pl\/?attachment_id=604'><img loading=\"lazy\" decoding=\"async\" width=\"150\" height=\"150\" src=\"https:\/\/ostrowskatv.pl\/wp-content\/uploads\/2016\/03\/cmentarz-limanowskiego-plot-150x150.jpg\" class=\"attachment-thumbnail size-thumbnail\" alt=\"\" \/><\/a>\n\t\t\t<\/div><\/figure><figure class='gallery-item'>\n\t\t\t<div class='gallery-icon landscape'>\n\t\t\t\t<a href='https:\/\/ostrowskatv.pl\/?attachment_id=605'><img loading=\"lazy\" decoding=\"async\" width=\"150\" height=\"150\" src=\"https:\/\/ostrowskatv.pl\/wp-content\/uploads\/2016\/03\/cmentarz-lim-plot-150x150.jpg\" class=\"attachment-thumbnail size-thumbnail\" alt=\"\" \/><\/a>\n\t\t\t<\/div><\/figure><figure class='gallery-item'>\n\t\t\t<div class='gallery-icon portrait'>\n\t\t\t\t<a href='https:\/\/ostrowskatv.pl\/?attachment_id=606'><img loading=\"lazy\" decoding=\"async\" width=\"150\" height=\"150\" src=\"https:\/\/ostrowskatv.pl\/wp-content\/uploads\/2016\/03\/odcisk-sarny-150x150.jpg\" class=\"attachment-thumbnail size-thumbnail\" alt=\"\" \/><\/a>\n\t\t\t<\/div><\/figure><figure class='gallery-item'>\n\t\t\t<div class='gallery-icon landscape'>\n\t\t\t\t<a href='https:\/\/ostrowskatv.pl\/?attachment_id=607'><img loading=\"lazy\" decoding=\"async\" width=\"150\" height=\"150\" src=\"https:\/\/ostrowskatv.pl\/wp-content\/uploads\/2016\/03\/ogrodzenie-limanowskiego-150x150.jpg\" class=\"attachment-thumbnail size-thumbnail\" alt=\"\" \/><\/a>\n\t\t\t<\/div><\/figure><figure class='gallery-item'>\n\t\t\t<div class='gallery-icon portrait'>\n\t\t\t\t<a href='https:\/\/ostrowskatv.pl\/?attachment_id=608'><img loading=\"lazy\" decoding=\"async\" width=\"150\" height=\"150\" src=\"https:\/\/ostrowskatv.pl\/wp-content\/uploads\/2016\/03\/sciezka-sarny-150x150.jpg\" class=\"attachment-thumbnail size-thumbnail\" alt=\"\" \/><\/a>\n\t\t\t<\/div><\/figure>\n\t\t<\/div>\n\n","protected":false},"excerpt":{"rendered":"Nietypowy problem zg\u0142osi\u0142y nam osoby, kt\u00f3re odwiedzaj\u0105 swoich bliskich na cmentarzu przy ulicy Limanowskiego. Od pewnego czasu grasuj\u0105 s\u0105 tam sarny, kt\u00f3re regularnie \n<a class=\"moretag\" href=\"https:\/\/ostrowskatv.pl\/?p=601\"> [...]<\/a>","protected":false},"author":1,"featured_media":602,"comment_status":"open","ping_status":"open","sticky":false,"template":"","format":"standard","meta":{"footnotes":""},"categories":[1],"tags":[2],"class_list":["post-601","post","type-post","status-publish","format-standard","has-post-thumbnail","hentry","category-news","tag-ostrow-wielkopolski"],"_links":{"self":[{"href":"https:\/\/ostrowskatv.pl\/index.php?rest_route=\/wp\/v2\/posts\/601","targetHints":{"allow":["GET"]}}],"collection":[{"href":"https:\/\/ostrowskatv.pl\/index.php?rest_route=\/wp\/v2\/posts"}],"about":[{"href":"https:\/\/ostrowskatv.pl\/index.php?rest_route=\/wp\/v2\/types\/post"}],"author":[{"embeddable":true,"href":"https:\/\/ostrowskatv.pl\/index.php?rest_route=\/wp\/v2\/users\/1"}],"replies":[{"embeddable":true,"href":"https:\/\/ostrowskatv.pl\/index.php?rest_route=%2Fwp%2Fv2%2Fcomments&post=601"}],"version-history":[{"count":0,"href":"https:\/\/ostrowskatv.pl\/index.php?rest_route=\/wp\/v2\/posts\/601\/revisions"}],"wp:featuredmedia":[{"embeddable":true,"href":"https:\/\/ostrowskatv.pl\/index.php?rest_route=\/wp\/v2\/media\/602"}],"wp:attachment":[{"href":"https:\/\/ostrowskatv.pl\/index.php?rest_route=%2Fwp%2Fv2%2Fmedia&parent=601"}],"wp:term":[{"taxonomy":"category","embeddable":true,"href":"https:\/\/ostrowskatv.pl\/index.php?rest_route=%2Fwp%2Fv2%2Fcategories&post=601"},{"taxonomy":"post_tag","embeddable":true,"href":"https:\/\/ostrowskatv.pl\/index.php?rest_route=%2Fwp%2Fv2%2Ftags&post=601"}],"curies":[{"name":"wp","href":"https:\/\/api.w.org\/{rel}","templated":true}]}}