{"id":6004,"date":"2018-03-30T16:29:41","date_gmt":"2018-03-30T15:29:41","guid":{"rendered":"http:\/\/ostrowska.tv\/?p=6004"},"modified":"2018-03-30T16:29:41","modified_gmt":"2018-03-30T15:29:41","slug":"pierwszy-motocyklista-w-tym-sezonie-mial-wypadek","status":"publish","type":"post","link":"https:\/\/ostrowskatv.pl\/?p=6004","title":{"rendered":"Pierwszy motocyklista w tym sezonie mia\u0142 wypadek"},"content":{"rendered":"<p><strong>Wystarczy\u0142o by temperatura powietrza przekroczy\u0142a 10 stopni Celsjusza, a na ulice Ostrowa Wlkp. i okolic wyjechali motocykli\u015bci. Wielu z nich po raz pierwszy wsiad\u0142o na jedno\u015blad po zimowej przerwie. Dla jednego z nich zako\u0144czy\u0142o si\u0119 to zderzeniem z samochodem osobowym.<\/strong><\/p>\n<p>Na ulicy Wojska Polskiego w Rad\u0142owie, kierowca fiata Cinquecento wykonywa\u0142 manewr skr\u0119tu w lewo. Nie zauwa\u017cy\u0142 w lusterku motocyklisty, kt\u00f3ry otar\u0142 si\u0119 o lewy prz\u00f3d Fiata. Nast\u0119pnie u\u015blizgiem uderzy\u0142 w znak drogowy.<\/p>\n<p>Oko\u0142o 30-letniego m\u0119\u017cczyzn\u0119 zabrano do ostrowskiego szpitala.<\/p>\n<div id='gallery-1' class='gallery galleryid-6004 gallery-columns-3 gallery-size-thumbnail'><figure class='gallery-item'>\n\t\t\t<div class='gallery-icon landscape'>\n\t\t\t\t<a href='https:\/\/ostrowskatv.pl\/?attachment_id=6005'><img loading=\"lazy\" decoding=\"async\" width=\"150\" height=\"150\" src=\"https:\/\/ostrowskatv.pl\/wp-content\/uploads\/2018\/03\/20180330_164152-150x150.jpg\" class=\"attachment-thumbnail size-thumbnail\" alt=\"\" \/><\/a>\n\t\t\t<\/div><\/figure><figure class='gallery-item'>\n\t\t\t<div class='gallery-icon landscape'>\n\t\t\t\t<a href='https:\/\/ostrowskatv.pl\/?attachment_id=6006'><img loading=\"lazy\" decoding=\"async\" width=\"150\" height=\"150\" src=\"https:\/\/ostrowskatv.pl\/wp-content\/uploads\/2018\/03\/20180330_164253-150x150.jpg\" class=\"attachment-thumbnail size-thumbnail\" alt=\"\" \/><\/a>\n\t\t\t<\/div><\/figure><figure class='gallery-item'>\n\t\t\t<div class='gallery-icon landscape'>\n\t\t\t\t<a href='https:\/\/ostrowskatv.pl\/?attachment_id=6007'><img loading=\"lazy\" decoding=\"async\" width=\"150\" height=\"150\" src=\"https:\/\/ostrowskatv.pl\/wp-content\/uploads\/2018\/03\/20180330_164111-150x150.jpg\" class=\"attachment-thumbnail size-thumbnail\" alt=\"\" \/><\/a>\n\t\t\t<\/div><\/figure><figure class='gallery-item'>\n\t\t\t<div class='gallery-icon landscape'>\n\t\t\t\t<a href='https:\/\/ostrowskatv.pl\/?attachment_id=6008'><img loading=\"lazy\" decoding=\"async\" width=\"150\" height=\"150\" src=\"https:\/\/ostrowskatv.pl\/wp-content\/uploads\/2018\/03\/20180330_164142-150x150.jpg\" class=\"attachment-thumbnail size-thumbnail\" alt=\"\" \/><\/a>\n\t\t\t<\/div><\/figure>\n\t\t<\/div>\n\n","protected":false},"excerpt":{"rendered":"Wystarczy\u0142o by temperatura powietrza przekroczy\u0142a 10 stopni Celsjusza, a na ulice Ostrowa Wlkp. i okolic wyjechali motocykli\u015bci. Wielu z nich po raz pierwszy \n<a class=\"moretag\" href=\"https:\/\/ostrowskatv.pl\/?p=6004\"> [...]<\/a>","protected":false},"author":1,"featured_media":6008,"comment_status":"open","ping_status":"open","sticky":false,"template":"","format":"standard","meta":{"footnotes":""},"categories":[1],"tags":[138],"class_list":["post-6004","post","type-post","status-publish","format-standard","has-post-thumbnail","hentry","category-news","tag-radlow"],"_links":{"self":[{"href":"https:\/\/ostrowskatv.pl\/index.php?rest_route=\/wp\/v2\/posts\/6004","targetHints":{"allow":["GET"]}}],"collection":[{"href":"https:\/\/ostrowskatv.pl\/index.php?rest_route=\/wp\/v2\/posts"}],"about":[{"href":"https:\/\/ostrowskatv.pl\/index.php?rest_route=\/wp\/v2\/types\/post"}],"author":[{"embeddable":true,"href":"https:\/\/ostrowskatv.pl\/index.php?rest_route=\/wp\/v2\/users\/1"}],"replies":[{"embeddable":true,"href":"https:\/\/ostrowskatv.pl\/index.php?rest_route=%2Fwp%2Fv2%2Fcomments&post=6004"}],"version-history":[{"count":0,"href":"https:\/\/ostrowskatv.pl\/index.php?rest_route=\/wp\/v2\/posts\/6004\/revisions"}],"wp:featuredmedia":[{"embeddable":true,"href":"https:\/\/ostrowskatv.pl\/index.php?rest_route=\/wp\/v2\/media\/6008"}],"wp:attachment":[{"href":"https:\/\/ostrowskatv.pl\/index.php?rest_route=%2Fwp%2Fv2%2Fmedia&parent=6004"}],"wp:term":[{"taxonomy":"category","embeddable":true,"href":"https:\/\/ostrowskatv.pl\/index.php?rest_route=%2Fwp%2Fv2%2Fcategories&post=6004"},{"taxonomy":"post_tag","embeddable":true,"href":"https:\/\/ostrowskatv.pl\/index.php?rest_route=%2Fwp%2Fv2%2Ftags&post=6004"}],"curies":[{"name":"wp","href":"https:\/\/api.w.org\/{rel}","templated":true}]}}