{"id":5996,"date":"2018-03-28T15:08:34","date_gmt":"2018-03-28T14:08:34","guid":{"rendered":"http:\/\/ostrowska.tv\/?p=5996"},"modified":"2018-03-28T15:08:34","modified_gmt":"2018-03-28T14:08:34","slug":"wypadek-dwoch-autobusow-w-centrum-ostrowa-sa-ranni","status":"publish","type":"post","link":"https:\/\/ostrowskatv.pl\/?p=5996","title":{"rendered":"Wypadek dw\u00f3ch autobus\u00f3w w centrum Ostrowa. S\u0105 ranni"},"content":{"rendered":"<p><strong>Kierowca ostrowskiego autobusu MZK wjecha\u0142 w ty\u0142 kaliskiego autobusu KLA. Dwie osoby dozna\u0142y urazu g\u0142owy, a trzeciej udzielono og\u00f3lnej pomocy medycznej.<\/strong><\/p>\n<p>Na odcinku ul. Kolejowej w Ostrowie Wlkp. pomi\u0119dzy ulicami Sienkiewicza, a Dworcow\u0105, kierowca autobusu MZK wjecha\u0142 w stoj\u0105cy autobus KLA.\u00a0 Na miejsce wys\u0142ano stra\u017c po\u017carn\u0105 oraz dwie karetki pogotowia ratunkowego.<\/p>\n<p>Ze wst\u0119pnych relacji kierowcy wynika, \u017ce przyczyn\u0105 by\u0142a awaria uk\u0142adu hamulcowego.<\/p>\n<div id='gallery-1' class='gallery galleryid-5996 gallery-columns-3 gallery-size-thumbnail'><figure class='gallery-item'>\n\t\t\t<div class='gallery-icon landscape'>\n\t\t\t\t<a href='https:\/\/ostrowskatv.pl\/?attachment_id=5997'><img loading=\"lazy\" decoding=\"async\" width=\"150\" height=\"150\" src=\"https:\/\/ostrowskatv.pl\/wp-content\/uploads\/2018\/03\/wypadek_autobusow_07-150x150.jpg\" class=\"attachment-thumbnail size-thumbnail\" alt=\"\" \/><\/a>\n\t\t\t<\/div><\/figure><figure class='gallery-item'>\n\t\t\t<div class='gallery-icon portrait'>\n\t\t\t\t<a href='https:\/\/ostrowskatv.pl\/?attachment_id=5998'><img loading=\"lazy\" decoding=\"async\" width=\"150\" height=\"150\" src=\"https:\/\/ostrowskatv.pl\/wp-content\/uploads\/2018\/03\/wypadek_autobusow_06-150x150.jpg\" class=\"attachment-thumbnail size-thumbnail\" alt=\"\" \/><\/a>\n\t\t\t<\/div><\/figure><figure class='gallery-item'>\n\t\t\t<div class='gallery-icon portrait'>\n\t\t\t\t<a href='https:\/\/ostrowskatv.pl\/?attachment_id=5999'><img loading=\"lazy\" decoding=\"async\" width=\"150\" height=\"150\" src=\"https:\/\/ostrowskatv.pl\/wp-content\/uploads\/2018\/03\/wypadek_autobusow_04-150x150.jpg\" class=\"attachment-thumbnail size-thumbnail\" alt=\"\" \/><\/a>\n\t\t\t<\/div><\/figure><figure class='gallery-item'>\n\t\t\t<div class='gallery-icon landscape'>\n\t\t\t\t<a href='https:\/\/ostrowskatv.pl\/?attachment_id=6000'><img loading=\"lazy\" decoding=\"async\" width=\"150\" height=\"150\" src=\"https:\/\/ostrowskatv.pl\/wp-content\/uploads\/2018\/03\/wypadek_autobusow_02-150x150.jpg\" class=\"attachment-thumbnail size-thumbnail\" alt=\"\" \/><\/a>\n\t\t\t<\/div><\/figure><figure class='gallery-item'>\n\t\t\t<div class='gallery-icon portrait'>\n\t\t\t\t<a href='https:\/\/ostrowskatv.pl\/?attachment_id=6001'><img loading=\"lazy\" decoding=\"async\" width=\"150\" height=\"150\" src=\"https:\/\/ostrowskatv.pl\/wp-content\/uploads\/2018\/03\/wypadek_autobusow_01-150x150.jpg\" class=\"attachment-thumbnail size-thumbnail\" alt=\"\" \/><\/a>\n\t\t\t<\/div><\/figure><figure class='gallery-item'>\n\t\t\t<div class='gallery-icon landscape'>\n\t\t\t\t<a href='https:\/\/ostrowskatv.pl\/?attachment_id=6002'><img loading=\"lazy\" decoding=\"async\" width=\"150\" height=\"150\" src=\"https:\/\/ostrowskatv.pl\/wp-content\/uploads\/2018\/03\/wypadek_autobusow_05-150x150.jpg\" class=\"attachment-thumbnail size-thumbnail\" alt=\"\" \/><\/a>\n\t\t\t<\/div><\/figure>\n\t\t<\/div>\n\n","protected":false},"excerpt":{"rendered":"Kierowca ostrowskiego autobusu MZK wjecha\u0142 w ty\u0142 kaliskiego autobusu KLA. Dwie osoby dozna\u0142y urazu g\u0142owy, a trzeciej udzielono og\u00f3lnej pomocy medycznej. Na odcinku \n<a class=\"moretag\" href=\"https:\/\/ostrowskatv.pl\/?p=5996\"> [...]<\/a>","protected":false},"author":1,"featured_media":5997,"comment_status":"open","ping_status":"open","sticky":false,"template":"","format":"standard","meta":{"footnotes":""},"categories":[1],"tags":[2],"class_list":["post-5996","post","type-post","status-publish","format-standard","has-post-thumbnail","hentry","category-news","tag-ostrow-wielkopolski"],"_links":{"self":[{"href":"https:\/\/ostrowskatv.pl\/index.php?rest_route=\/wp\/v2\/posts\/5996","targetHints":{"allow":["GET"]}}],"collection":[{"href":"https:\/\/ostrowskatv.pl\/index.php?rest_route=\/wp\/v2\/posts"}],"about":[{"href":"https:\/\/ostrowskatv.pl\/index.php?rest_route=\/wp\/v2\/types\/post"}],"author":[{"embeddable":true,"href":"https:\/\/ostrowskatv.pl\/index.php?rest_route=\/wp\/v2\/users\/1"}],"replies":[{"embeddable":true,"href":"https:\/\/ostrowskatv.pl\/index.php?rest_route=%2Fwp%2Fv2%2Fcomments&post=5996"}],"version-history":[{"count":0,"href":"https:\/\/ostrowskatv.pl\/index.php?rest_route=\/wp\/v2\/posts\/5996\/revisions"}],"wp:featuredmedia":[{"embeddable":true,"href":"https:\/\/ostrowskatv.pl\/index.php?rest_route=\/wp\/v2\/media\/5997"}],"wp:attachment":[{"href":"https:\/\/ostrowskatv.pl\/index.php?rest_route=%2Fwp%2Fv2%2Fmedia&parent=5996"}],"wp:term":[{"taxonomy":"category","embeddable":true,"href":"https:\/\/ostrowskatv.pl\/index.php?rest_route=%2Fwp%2Fv2%2Fcategories&post=5996"},{"taxonomy":"post_tag","embeddable":true,"href":"https:\/\/ostrowskatv.pl\/index.php?rest_route=%2Fwp%2Fv2%2Ftags&post=5996"}],"curies":[{"name":"wp","href":"https:\/\/api.w.org\/{rel}","templated":true}]}}