{"id":5987,"date":"2018-03-26T21:06:13","date_gmt":"2018-03-26T20:06:13","guid":{"rendered":"http:\/\/ostrowska.tv\/?p=5987"},"modified":"2018-03-27T06:16:18","modified_gmt":"2018-03-27T05:16:18","slug":"smiertelnie-ugodzil-nozem","status":"publish","type":"post","link":"https:\/\/ostrowskatv.pl\/?p=5987","title":{"rendered":"15-latek \u015bmiertelnie ugodzi\u0142 no\u017cem ojczyma? (aktualizacja)"},"content":{"rendered":"<p><strong>W Nowych Skalmierzycach przy ul. Kaliskiej dosz\u0142o do makabrycznego zdarzenia. Policja zosta\u0142a wezwana\u00a0 na interwencj\u0119 domow\u0105, w kt\u00f3rej jeden z uczestnik\u00f3w dozna\u0142 \u015bmiertelnych obra\u017ce\u0144 cia\u0142a.<\/strong><\/p>\n<p>Trwaj\u0105 ogl\u0119dziny miejsca zdarzenia. Nieoficjalnie m\u00f3wi si\u0119, \u017ce jeden \u015bmiertelny cios no\u017cem zada\u0142 15-latek wobec 37-letniego oczyma. 15-latek bezpo\u015brednio po zdarzeniu mia\u0142 oddali\u0107 si\u0119 z miejsca zbrodni.<\/p>\n<p>Z nowych ustale\u0144 wynika, \u017ce m\u0142odzieniec mia\u0142 zada\u0107 jeden, \u015bmiertelny cios no\u017cem. Lekarzowi z pogotowia nie uda\u0142o si\u0119 uratowa\u0107 \u017cycia poszkodowanemu. Ogl\u0119dziny na miejscu zdarzenia trwa\u0142y ponad 5 godzin. Sprawca wprowadzi\u0142 si\u0119 wraz ze swoj\u0105 mam\u0105 i siostr\u0105 oko\u0142o p\u00f3\u0142 roku temu. Pochodz\u0105 z terenu Sieradza\/Pabianic.<\/p>\n<div id='gallery-1' class='gallery galleryid-5987 gallery-columns-3 gallery-size-thumbnail'><figure class='gallery-item'>\n\t\t\t<div class='gallery-icon landscape'>\n\t\t\t\t<a href='https:\/\/ostrowskatv.pl\/?attachment_id=5992'><img loading=\"lazy\" decoding=\"async\" width=\"150\" height=\"150\" src=\"https:\/\/ostrowskatv.pl\/wp-content\/uploads\/2018\/03\/skalm_noz2-150x150.jpg\" class=\"attachment-thumbnail size-thumbnail\" alt=\"\" \/><\/a>\n\t\t\t<\/div><\/figure><figure class='gallery-item'>\n\t\t\t<div class='gallery-icon landscape'>\n\t\t\t\t<a href='https:\/\/ostrowskatv.pl\/?attachment_id=5993'><img loading=\"lazy\" decoding=\"async\" width=\"150\" height=\"150\" src=\"https:\/\/ostrowskatv.pl\/wp-content\/uploads\/2018\/03\/skalm_noz1-150x150.jpg\" class=\"attachment-thumbnail size-thumbnail\" alt=\"\" \/><\/a>\n\t\t\t<\/div><\/figure><figure class='gallery-item'>\n\t\t\t<div class='gallery-icon landscape'>\n\t\t\t\t<a href='https:\/\/ostrowskatv.pl\/?attachment_id=5988'><img loading=\"lazy\" decoding=\"async\" width=\"150\" height=\"150\" src=\"https:\/\/ostrowskatv.pl\/wp-content\/uploads\/2018\/03\/20180326_214020-02-150x150.jpeg\" class=\"attachment-thumbnail size-thumbnail\" alt=\"\" \/><\/a>\n\t\t\t<\/div><\/figure>\n\t\t<\/div>\n\n","protected":false},"excerpt":{"rendered":"W Nowych Skalmierzycach przy ul. Kaliskiej dosz\u0142o do makabrycznego zdarzenia. Policja zosta\u0142a wezwana\u00a0 na interwencj\u0119 domow\u0105, w kt\u00f3rej jeden z uczestnik\u00f3w dozna\u0142 \u015bmiertelnych \n<a class=\"moretag\" href=\"https:\/\/ostrowskatv.pl\/?p=5987\"> [...]<\/a>","protected":false},"author":1,"featured_media":5988,"comment_status":"open","ping_status":"open","sticky":false,"template":"","format":"standard","meta":{"footnotes":""},"categories":[1],"tags":[61],"class_list":["post-5987","post","type-post","status-publish","format-standard","has-post-thumbnail","hentry","category-news","tag-nowe-skalmierzyce"],"_links":{"self":[{"href":"https:\/\/ostrowskatv.pl\/index.php?rest_route=\/wp\/v2\/posts\/5987","targetHints":{"allow":["GET"]}}],"collection":[{"href":"https:\/\/ostrowskatv.pl\/index.php?rest_route=\/wp\/v2\/posts"}],"about":[{"href":"https:\/\/ostrowskatv.pl\/index.php?rest_route=\/wp\/v2\/types\/post"}],"author":[{"embeddable":true,"href":"https:\/\/ostrowskatv.pl\/index.php?rest_route=\/wp\/v2\/users\/1"}],"replies":[{"embeddable":true,"href":"https:\/\/ostrowskatv.pl\/index.php?rest_route=%2Fwp%2Fv2%2Fcomments&post=5987"}],"version-history":[{"count":0,"href":"https:\/\/ostrowskatv.pl\/index.php?rest_route=\/wp\/v2\/posts\/5987\/revisions"}],"wp:featuredmedia":[{"embeddable":true,"href":"https:\/\/ostrowskatv.pl\/index.php?rest_route=\/wp\/v2\/media\/5988"}],"wp:attachment":[{"href":"https:\/\/ostrowskatv.pl\/index.php?rest_route=%2Fwp%2Fv2%2Fmedia&parent=5987"}],"wp:term":[{"taxonomy":"category","embeddable":true,"href":"https:\/\/ostrowskatv.pl\/index.php?rest_route=%2Fwp%2Fv2%2Fcategories&post=5987"},{"taxonomy":"post_tag","embeddable":true,"href":"https:\/\/ostrowskatv.pl\/index.php?rest_route=%2Fwp%2Fv2%2Ftags&post=5987"}],"curies":[{"name":"wp","href":"https:\/\/api.w.org\/{rel}","templated":true}]}}