{"id":5981,"date":"2018-03-24T16:18:32","date_gmt":"2018-03-24T15:18:32","guid":{"rendered":"http:\/\/ostrowska.tv\/?p=5981"},"modified":"2018-03-24T16:18:32","modified_gmt":"2018-03-24T15:18:32","slug":"podpalacz-wrocil-na-ostrowskie-ulice","status":"publish","type":"post","link":"https:\/\/ostrowskatv.pl\/?p=5981","title":{"rendered":"Podpalacz wr\u00f3ci\u0142 na ostrowskie ulice"},"content":{"rendered":"<p><strong>W nocy z pi\u0105tku na sobot\u0119 dosz\u0142o do dw\u00f3ch podpale\u0144. Najpierw zauwa\u017cono po\u017caru blaszanego obiektu handlowego znajduj\u0105cego si\u0119 w podw\u00f3rzu jednej z kamienic przy ul. Wroc\u0142awskiej w Ostrowie Wielkopolskim. Nied\u0142ugo p\u00f3\u017aniej zg\u0142oszono po\u017car pojemnika na odpady przy ul. Ko\u015bciuszki.\u00a0<\/strong><\/p>\n<p>Scenariusz i charakter podpale\u0144 \u017cywcem przypomina spos\u00f3b dzia\u0142ania podpalacza, kt\u00f3rego niedawno policja zatrzyma\u0142a. Jeszcze nie wiemy czy to ten sam m\u0119\u017cczyzna uleg\u0142 swoim s\u0142abo\u015bciom czy mo\u017ce kto\u015b inny poszed\u0142 w jego \u015blady. Teren jest monitorowany, dlatego przypisanie podpalenia pozostaje kwesti\u0105 formaln\u0105.<\/p>\n<div id='gallery-1' class='gallery galleryid-5981 gallery-columns-3 gallery-size-thumbnail'><figure class='gallery-item'>\n\t\t\t<div class='gallery-icon landscape'>\n\t\t\t\t<a href='https:\/\/ostrowskatv.pl\/?attachment_id=5982'><img loading=\"lazy\" decoding=\"async\" width=\"150\" height=\"150\" src=\"https:\/\/ostrowskatv.pl\/wp-content\/uploads\/2018\/03\/podpalacz3-150x150.jpg\" class=\"attachment-thumbnail size-thumbnail\" alt=\"\" \/><\/a>\n\t\t\t<\/div><\/figure><figure class='gallery-item'>\n\t\t\t<div class='gallery-icon landscape'>\n\t\t\t\t<a href='https:\/\/ostrowskatv.pl\/?attachment_id=5983'><img loading=\"lazy\" decoding=\"async\" width=\"150\" height=\"150\" src=\"https:\/\/ostrowskatv.pl\/wp-content\/uploads\/2018\/03\/podpalacz2-150x150.jpg\" class=\"attachment-thumbnail size-thumbnail\" alt=\"\" \/><\/a>\n\t\t\t<\/div><\/figure><figure class='gallery-item'>\n\t\t\t<div class='gallery-icon landscape'>\n\t\t\t\t<a href='https:\/\/ostrowskatv.pl\/?attachment_id=5984'><img loading=\"lazy\" decoding=\"async\" width=\"150\" height=\"150\" src=\"https:\/\/ostrowskatv.pl\/wp-content\/uploads\/2018\/03\/podpalacz1-150x150.jpg\" class=\"attachment-thumbnail size-thumbnail\" alt=\"\" \/><\/a>\n\t\t\t<\/div><\/figure><figure class='gallery-item'>\n\t\t\t<div class='gallery-icon landscape'>\n\t\t\t\t<a href='https:\/\/ostrowskatv.pl\/?attachment_id=5985'><img loading=\"lazy\" decoding=\"async\" width=\"150\" height=\"150\" src=\"https:\/\/ostrowskatv.pl\/wp-content\/uploads\/2018\/03\/podpalacz4-150x150.jpg\" class=\"attachment-thumbnail size-thumbnail\" alt=\"\" \/><\/a>\n\t\t\t<\/div><\/figure>\n\t\t<\/div>\n\n","protected":false},"excerpt":{"rendered":"W nocy z pi\u0105tku na sobot\u0119 dosz\u0142o do dw\u00f3ch podpale\u0144. Najpierw zauwa\u017cono po\u017caru blaszanego obiektu handlowego znajduj\u0105cego si\u0119 w podw\u00f3rzu jednej z kamienic \n<a class=\"moretag\" href=\"https:\/\/ostrowskatv.pl\/?p=5981\"> [...]<\/a>","protected":false},"author":1,"featured_media":5983,"comment_status":"open","ping_status":"open","sticky":false,"template":"","format":"standard","meta":{"footnotes":""},"categories":[1],"tags":[2],"class_list":["post-5981","post","type-post","status-publish","format-standard","has-post-thumbnail","hentry","category-news","tag-ostrow-wielkopolski"],"_links":{"self":[{"href":"https:\/\/ostrowskatv.pl\/index.php?rest_route=\/wp\/v2\/posts\/5981","targetHints":{"allow":["GET"]}}],"collection":[{"href":"https:\/\/ostrowskatv.pl\/index.php?rest_route=\/wp\/v2\/posts"}],"about":[{"href":"https:\/\/ostrowskatv.pl\/index.php?rest_route=\/wp\/v2\/types\/post"}],"author":[{"embeddable":true,"href":"https:\/\/ostrowskatv.pl\/index.php?rest_route=\/wp\/v2\/users\/1"}],"replies":[{"embeddable":true,"href":"https:\/\/ostrowskatv.pl\/index.php?rest_route=%2Fwp%2Fv2%2Fcomments&post=5981"}],"version-history":[{"count":0,"href":"https:\/\/ostrowskatv.pl\/index.php?rest_route=\/wp\/v2\/posts\/5981\/revisions"}],"wp:featuredmedia":[{"embeddable":true,"href":"https:\/\/ostrowskatv.pl\/index.php?rest_route=\/wp\/v2\/media\/5983"}],"wp:attachment":[{"href":"https:\/\/ostrowskatv.pl\/index.php?rest_route=%2Fwp%2Fv2%2Fmedia&parent=5981"}],"wp:term":[{"taxonomy":"category","embeddable":true,"href":"https:\/\/ostrowskatv.pl\/index.php?rest_route=%2Fwp%2Fv2%2Fcategories&post=5981"},{"taxonomy":"post_tag","embeddable":true,"href":"https:\/\/ostrowskatv.pl\/index.php?rest_route=%2Fwp%2Fv2%2Ftags&post=5981"}],"curies":[{"name":"wp","href":"https:\/\/api.w.org\/{rel}","templated":true}]}}