{"id":5978,"date":"2018-03-23T15:43:48","date_gmt":"2018-03-23T14:43:48","guid":{"rendered":"http:\/\/ostrowska.tv\/?p=5978"},"modified":"2018-03-23T15:43:48","modified_gmt":"2018-03-23T14:43:48","slug":"mamy-nadzieje-ze-wkrotce-pojawi-sie-usmiech-stan-noworodka-z-cerekwicy","status":"publish","type":"post","link":"https:\/\/ostrowskatv.pl\/?p=5978","title":{"rendered":"Mamy nadziej\u0119, \u017ce wkr\u00f3tce pojawi si\u0119 u\u015bmiech &#8211; stan noworodka z Cerekwicy"},"content":{"rendered":"<p><strong>Ponad tydzie\u0144 po tragedii w Cerekwicy Starej k. Jarocina przynosz\u0105 dobre wie\u015bci. Wczoraj matka uratowanego ch\u0142opczyka trafi\u0142a do ostrowskiego szpitala. Ma to zapewni\u0107 bli\u017csz\u0105 wi\u0119\u017a pomi\u0119dzy matk\u0105 i cudem ocala\u0142ym synem. Poni\u017cej zapis dzisiejszej konferencji prasowej z udzia\u0142em lekarzy ostrowskiego szpitala.<\/strong><\/p>\n<p>Dr nauk medycznych Katarzyna Bier\u0142a, ordynator oddzia\u0142u neonatologii, szpital w Ostrowie Wlkp. \u2013 Chcia\u0142am powiedzie\u0107, \u017ce stan noworodka znacznie si\u0119 poprawi\u0142. Obecnie mo\u017cemy go okre\u015bli\u0107 jako stan \u015bredni. Noworodek nie musi ju\u017c oddycha\u0107 za pomoc\u0105 respiratora. Podj\u0105\u0142 w\u0142asn\u0105 czynno\u015b\u0107 oddechow\u0105. Oddycha przy u\u017cyciu takiego aparatu do nieinwazyjnego wspomagania oddychania. Nie potrzebuje tlenu. Oddycha powietrzem atmosferycznym. Nadal ma za\u0142o\u017cony drena\u017c do op\u0142ucnej, z powodu rany kt\u00f3rej dozna\u0142.<\/p>\n<p>Serduszko pracuje bardzo dobrze, bez pomocy lek\u00f3w. Utrzymuje ci\u015bnienie, nerki pracuj\u0105 bardzo dobrze. Noworodek jest karmiony przez sond\u0119 mleczn\u0105, kt\u00f3r\u0105 trawi.\u00a0 Prawid\u0142owo oddaje stolec. Tak\u017ce czynno\u015bci fizjologiczne s\u0105 u niego w normie. Ca\u0142y czas robimy badania elektrofizjologiczne i obrazowe o\u015brodkowego uk\u0142adu nerwowego. I te badania b\u0119d\u0105 potrzebne do por\u00f3wnywania, bo tak jak m\u00f3wi\u0142am ostatecznie po up\u0142ywie 2,5 do 3 tygodni b\u0119dziemy wiedzie\u0107 czy i jakie g\u0142\u0119bokie s\u0105 zmiany w g\u0142\u0119bokim uk\u0142adzie nerwowym. B\u0119dziemy to wiedzie\u0107 na podstawie por\u00f3wnywania bada\u0144, kt\u00f3re wykonujemy w kolejnych dobach \u017cycia dziecka.<\/p>\n<p>Rana na sk\u00f3rze goi si\u0119 dobrze, ale wci\u0105\u017c jest wysi\u0119k z op\u0142ucnej. To by\u0142a g\u0142\u0119boka rana k\u0142uta. Drena\u017c, kt\u00f3ry odsysa\u0142 t\u0105 krew z jamy op\u0142ucnej, \u017ceby p\u0142ucko mog\u0142o by\u0107 rozpr\u0119\u017cone i mog\u0142o samodzielnie oddycha\u0107. To p\u0142uco ju\u017c si\u0119 \u0142adnie rozpr\u0119\u017cy\u0142o i dlatego noworodek ju\u017c jest zdolny do w\u0142asnego oddechu, natomiast wci\u0105\u017c troch\u0119 krwi z op\u0142ucnej uzyskujemy przez ten drena\u017c.<\/p>\n<p>Tomasz Gostomczyk, kierownik oddzia\u0142u Po\u0142o\u017cniczo-Ginekologicznego: &#8211; Mama przebywa u nas trzeci\u0105 dob\u0119 po przekazaniu z Jarocina. Stan og\u00f3lny jest bardzo dobry. Pacjentka ma liczne rany ci\u0119te zaopatrzone chirurgicznie. Wszystko przebiega prawid\u0142owo. Jest pod sta\u0142\u0105 opiek\u0105 psychologa i psychiatry. Stan og\u00f3lny psychiatryczny i psychologiczny jest zadowalaj\u0105cy, bardzo zadowalaj\u0105cy.<\/p>\n<p>dr Katarzyna Bier\u0142a: &#8211; Mama by\u0142a ju\u017c u dziecka. Dotyka\u0142a go. Pierwszy taki kontakt by\u0142 bardzo wzruszaj\u0105cy. By\u0142y to pozytywne emocje. My\u015bl\u0119, \u017ce u mamy pojawia si\u0119 laktacja i b\u0119dziemy te\u017c mogli korzysta\u0107 z mleka matki do karmienia noworodka.<\/p>\n<p>Tomasz Gostomczyk: &#8211; Wy\u0142\u0105czyli\u015bmy leki, kt\u00f3re by\u0142yby przeciwwskazaniem do karmienia. Tak\u017ce mama jest przygotowana do karmienia. Je\u015bli chodzi o mam\u0119, to kwestia g\u00f3ra tygodnia. Ona jest w stanie opu\u015bci\u0107 szpital. Oczywi\u015bcie b\u0119dziemy tak d\u0142ugo hospitalizowa\u0107 mam\u0119, a\u017c stan dziecka si\u0119 polepszy, kiedy razem b\u0119d\u0105 mogli opu\u015bci\u0107 szpital. U nas po raz pierwszy dowiedzia\u0142a si\u0119 w obecno\u015bci psycholog\u00f3w i os\u00f3b wyznaczonych przez rodzin\u0119. Natomiast to nie jest to, \u017ce Jarocin nie poinformowa\u0142. Nie by\u0142 w stanie, bo matka by\u0142a w \u015bpi\u0105czce. Po wybudzeniu zosta\u0142a zaraz do nas przekazana. Dlatego ta informacja musia\u0142a u nas dotkn\u0105\u0107 fizycznie.<\/p>\n<p>dr Katarzyna Bier\u0142a: &#8211; Te odruchy, kt\u00f3re by\u0142y nieprawid\u0142owe ust\u0105pi\u0142y, a pojawi\u0142y si\u0119 prawid\u0142owe. Natomiast wci\u0105\u017c niekt\u00f3re odruchy obserwujemy nieprawid\u0142owe. Pie\u0144 m\u00f3zgu dzia\u0142a, poniewa\u017c o\u015brodek oddechy, o\u015brodek kr\u0105\u017cenia dzia\u0142a. To jest ci\u0119\u017cko bardzo okre\u015bli\u0107. Noworodki po urodzeniu widz\u0105 z bliska i nie widz\u0105 kolor\u00f3w. Ten dzieciaczek ma przewa\u017cnie oczy zamkni\u0119te, ale potrafi je otworzy\u0107 i odruch \u017arenic na \u015bwiat\u0142o jest prawid\u0142owy. Bardzo si\u0119 martwili\u015bmy, poniewa\u017c przez tydzie\u0144 \u017arenice nie reagowa\u0142y na\u00a0 \u015bwiat\u0142o. Noworodek ma\u0142o si\u0119 odzywa. Jeszcze nie p\u0142aka\u0142 g\u0142o\u015bno. Umie sobie odkaszln\u0105\u0107 wydzielin\u0119. Ma mimik\u0119 twarzy, grymasy r\u00f3\u017cne si\u0119 pojawiaj\u0105 na twarzy, mam nadziej\u0119, \u017ce nied\u0142ugo te\u017c u\u015bmiech\u2026<\/p>\n","protected":false},"excerpt":{"rendered":"Ponad tydzie\u0144 po tragedii w Cerekwicy Starej k. Jarocina przynosz\u0105 dobre wie\u015bci. Wczoraj matka uratowanego ch\u0142opczyka trafi\u0142a do ostrowskiego szpitala. Ma to zapewni\u0107 \n<a class=\"moretag\" href=\"https:\/\/ostrowskatv.pl\/?p=5978\"> [...]<\/a>","protected":false},"author":1,"featured_media":5979,"comment_status":"open","ping_status":"open","sticky":false,"template":"","format":"standard","meta":{"footnotes":""},"categories":[1],"tags":[2],"class_list":["post-5978","post","type-post","status-publish","format-standard","has-post-thumbnail","hentry","category-news","tag-ostrow-wielkopolski"],"_links":{"self":[{"href":"https:\/\/ostrowskatv.pl\/index.php?rest_route=\/wp\/v2\/posts\/5978","targetHints":{"allow":["GET"]}}],"collection":[{"href":"https:\/\/ostrowskatv.pl\/index.php?rest_route=\/wp\/v2\/posts"}],"about":[{"href":"https:\/\/ostrowskatv.pl\/index.php?rest_route=\/wp\/v2\/types\/post"}],"author":[{"embeddable":true,"href":"https:\/\/ostrowskatv.pl\/index.php?rest_route=\/wp\/v2\/users\/1"}],"replies":[{"embeddable":true,"href":"https:\/\/ostrowskatv.pl\/index.php?rest_route=%2Fwp%2Fv2%2Fcomments&post=5978"}],"version-history":[{"count":0,"href":"https:\/\/ostrowskatv.pl\/index.php?rest_route=\/wp\/v2\/posts\/5978\/revisions"}],"wp:featuredmedia":[{"embeddable":true,"href":"https:\/\/ostrowskatv.pl\/index.php?rest_route=\/wp\/v2\/media\/5979"}],"wp:attachment":[{"href":"https:\/\/ostrowskatv.pl\/index.php?rest_route=%2Fwp%2Fv2%2Fmedia&parent=5978"}],"wp:term":[{"taxonomy":"category","embeddable":true,"href":"https:\/\/ostrowskatv.pl\/index.php?rest_route=%2Fwp%2Fv2%2Fcategories&post=5978"},{"taxonomy":"post_tag","embeddable":true,"href":"https:\/\/ostrowskatv.pl\/index.php?rest_route=%2Fwp%2Fv2%2Ftags&post=5978"}],"curies":[{"name":"wp","href":"https:\/\/api.w.org\/{rel}","templated":true}]}}