{"id":5968,"date":"2018-03-20T18:21:04","date_gmt":"2018-03-20T17:21:04","guid":{"rendered":"http:\/\/ostrowska.tv\/?p=5968"},"modified":"2018-03-20T18:21:04","modified_gmt":"2018-03-20T17:21:04","slug":"stan-noworodka-z-cerekwicy-poprawia-sie-jutro-ma-dolaczyc-do-niego-matka","status":"publish","type":"post","link":"https:\/\/ostrowskatv.pl\/?p=5968","title":{"rendered":"Stan noworodka z Cerekwicy poprawia si\u0119. Jutro ma do\u0142\u0105czy\u0107 do niego matka"},"content":{"rendered":"<p><strong>Stan noworodka uratowanego po zbrodni, do kt\u00f3rej dosz\u0142o w Cerekwicy k. Jarocina, poprawia si\u0119. Jednocze\u015bnie matka dzieci\u0105tka i lekarze zgodzili si\u0119, by przewie\u017a\u0107 j\u0105 do ostrowskiego szpitala, tak by mia\u0142a sta\u0142y kontakt z noworodkiem. Ch\u0142opiec przebywa na oddziale neonatologii ostrowskiego szpitala.<\/strong><\/p>\n<p>Katarzyna Bier\u0142a, kierownik oddzia\u0142u neonatologii: &#8211; Stan noworodka nadal jest ci\u0119\u017cki, ale jest wyr\u00f3wnany i stabilny. W sobot\u0119 noworodek przeszed\u0142 zabieg operacyjny, powt\u00f3rnej rewizji rany, kt\u00f3r\u0105 odni\u00f3s\u0142. Podj\u0119to t\u0105 decyzj\u0119 z powodu anemizacji u noworodka. W trakcie zabiegu uda\u0142o si\u0119 zaopatrzy\u0107 krwawi\u0105ce naczynie oraz opatrzy\u0107 uszkodzon\u0105 op\u0142ucn\u0105. Rana, kt\u00f3r\u0105 noworodek odni\u00f3s\u0142, by\u0142a g\u0142\u0119bok\u0105 ran\u0105 k\u0142ut\u0105 bocznej powierzchni klatki piersiowej.<\/p>\n<p>Obecnie stan noworodka jest stabilny. Wydolno\u015b\u0107 jego serca jest dobra, ci\u015bnienie krwi jest prawid\u0142owe. Oddycha za pomoc\u0105 respiratora, ale pojawi\u0142y si\u0119 ju\u017c w\u0142asne oddechy u noworodka. Prawid\u0142owo funkcjonuj\u0105 nerki. Pojawi\u0142a si\u0119 perystaltyka w przewodzie pokarmowym. Od dzisiaj noworodek otrzymuje niewielkie ilo\u015bci mieszanki mlecznej do \u017co\u0142\u0105dka. Problemem, kt\u00f3ry nas najbardziej niepokoi, jest stan neurologiczny noworodka. Dzisiaj jest sz\u00f3sta doba \u017cycia noworodka i niestety, ale nadal obserwujemy nieprawid\u0142owe odruchy neurologiczne i nieprawid\u0142owe napi\u0119cie mi\u0119\u015bniowe. Jest to skutek g\u0142\u0119bokiego i d\u0142ugotrwa\u0142ego niedotlenienia, kt\u00f3re noworodek przeszed\u0142 wewn\u0105trzmacicznie. Odno\u015bnie uk\u0142adu nerwowego, takie rokowania co do stopnia uszkodzenia o\u015brodkowego uk\u0142adu nerwowego b\u0119dziemy mogli powiedzie\u0107 po dw\u00f3ch tygodniach. Dzia\u0142anie wewn\u0119trznych narz\u0105d\u00f3w znacz\u0105co si\u0119 poprawi\u0142o, jeste\u015bmy dobrej my\u015bli. Tak jak wymieni\u0142am, wszystkie narz\u0105dy u noworodka podj\u0119\u0142y prawid\u0142ow\u0105 funkcj\u0119.<\/p>\n<p>Noworodek otrzymuje jeszcze silnie dzia\u0142aj\u0105ce leki, wzmacniaj\u0105ce prac\u0119 serca, ale w badaniach dodatkowych i obrazowych i w wynikach \u015bcis\u0142ego monitorowania, wszystkie parametry \u017cyciowe s\u0105 w normie. Leczenie hipotermi\u0105 zosta\u0142o zako\u0144czone po 72 godzinach, bo tyle trwa leczenie hipotermi\u0105. Teraz noworodek musi mie\u0107 spok\u00f3j. B\u0119dziemy wspiera\u0107 wszystkie narz\u0105dy, zw\u0142aszcza te \u017cyciowo wa\u017cne. B\u0119dziemy monitorowa\u0107 prac\u0119 serca, oddech, diurez\u0119, maj\u0105c nadziej\u0119, \u017ce ten oddech noworodka stanie si\u0119 bardziej wydolny i b\u0119dzie mo\u017cna go od\u0142\u0105czy\u0107 od respiratora. B\u0119dziemy \u015bci\u015ble monitorowa\u0107 funkcj\u0119 uk\u0142adu nerwowego centralnego.<\/p>\n<p>Bardzo niepokoj\u0105ce jest to, \u017ce je\u017celi za 2 tygodnie oka\u017ce si\u0119, \u017ce zmiany w o\u015brodkowym uk\u0142adzie nerwowym s\u0105 bardzo rozleg\u0142e, wtedy\u00a0\u00a0 przewidywania co do rokowania mog\u0105 si\u0119 pogorszy\u0107. &#8211; wyt\u0142umaczy\u0142a dr Katarzyna Bier\u0142a z ostrowskiego szpitala.<\/p>\n","protected":false},"excerpt":{"rendered":"Stan noworodka uratowanego po zbrodni, do kt\u00f3rej dosz\u0142o w Cerekwicy k. Jarocina, poprawia si\u0119. Jednocze\u015bnie matka dzieci\u0105tka i lekarze zgodzili si\u0119, by przewie\u017a\u0107 \n<a class=\"moretag\" href=\"https:\/\/ostrowskatv.pl\/?p=5968\"> [...]<\/a>","protected":false},"author":1,"featured_media":5969,"comment_status":"open","ping_status":"open","sticky":false,"template":"","format":"standard","meta":{"footnotes":""},"categories":[1],"tags":[2],"class_list":["post-5968","post","type-post","status-publish","format-standard","has-post-thumbnail","hentry","category-news","tag-ostrow-wielkopolski"],"_links":{"self":[{"href":"https:\/\/ostrowskatv.pl\/index.php?rest_route=\/wp\/v2\/posts\/5968","targetHints":{"allow":["GET"]}}],"collection":[{"href":"https:\/\/ostrowskatv.pl\/index.php?rest_route=\/wp\/v2\/posts"}],"about":[{"href":"https:\/\/ostrowskatv.pl\/index.php?rest_route=\/wp\/v2\/types\/post"}],"author":[{"embeddable":true,"href":"https:\/\/ostrowskatv.pl\/index.php?rest_route=\/wp\/v2\/users\/1"}],"replies":[{"embeddable":true,"href":"https:\/\/ostrowskatv.pl\/index.php?rest_route=%2Fwp%2Fv2%2Fcomments&post=5968"}],"version-history":[{"count":0,"href":"https:\/\/ostrowskatv.pl\/index.php?rest_route=\/wp\/v2\/posts\/5968\/revisions"}],"wp:featuredmedia":[{"embeddable":true,"href":"https:\/\/ostrowskatv.pl\/index.php?rest_route=\/wp\/v2\/media\/5969"}],"wp:attachment":[{"href":"https:\/\/ostrowskatv.pl\/index.php?rest_route=%2Fwp%2Fv2%2Fmedia&parent=5968"}],"wp:term":[{"taxonomy":"category","embeddable":true,"href":"https:\/\/ostrowskatv.pl\/index.php?rest_route=%2Fwp%2Fv2%2Fcategories&post=5968"},{"taxonomy":"post_tag","embeddable":true,"href":"https:\/\/ostrowskatv.pl\/index.php?rest_route=%2Fwp%2Fv2%2Ftags&post=5968"}],"curies":[{"name":"wp","href":"https:\/\/api.w.org\/{rel}","templated":true}]}}