{"id":5958,"date":"2018-03-20T17:08:41","date_gmt":"2018-03-20T16:08:41","guid":{"rendered":"http:\/\/ostrowska.tv\/?p=5958"},"modified":"2018-03-20T17:29:10","modified_gmt":"2018-03-20T16:29:10","slug":"wpadl-do-stawu-grozila-mu-smierc-z-powodu-wyziebienia","status":"publish","type":"post","link":"https:\/\/ostrowskatv.pl\/?p=5958","title":{"rendered":"Wpad\u0142 do stawu. Grozi\u0142a mu \u015bmier\u0107 z powodu wyzi\u0119bienia"},"content":{"rendered":"<p><strong>Oko\u0142o godziny 16.00 w parku przy ul. 3 Maja w Ostrowie Wielkopolskim dosz\u0142o do bardzo niebezpiecznej sytuacji. M\u0119\u017cczyzna w wieku oko\u0142o 30 lat wpad\u0142 do stawu znajduj\u0105cym si\u0119 przy wie\u017cy ci\u015bnie\u0144. Wed\u0142ug relacji \u015bwiadka, mia\u0142 przebywa\u0107 w lodowatej wodzie oko\u0142o 10 minut.\u00a0<\/strong><\/p>\n<p>Wezwano na pomoc policj\u0119. Patrol zjawi\u0142 si\u0119 do\u015b\u0107 szybko. W mi\u0119dzyczasie \u015bwiadkowie wydostali m\u0119\u017cczyzn\u0119 na brzeg. Wymarzni\u0119tego m\u0119\u017cczyzn\u0119 usadzono na pobliskiej \u0142awce i wezwano pogotowie. Na miejscu pojawi\u0142 si\u0119 przedstawiciel ostrowskich mors\u00f3w, kt\u00f3ry przekaza\u0142 policjantom sugestie, by wsp\u00f3lnie zdj\u0105\u0107 z m\u0119\u017cczyzny mokre ubranie. To by\u0142o suche tylko powy\u017cej linii sutkowej na klatce piersiowej. Policjanci wyposa\u017ceni w r\u0119kawiczki jednorazowe zdj\u0119li z m\u0119\u017cczyzny kurtk\u0119, t-shirt, buty i spodnie, ale nie chcieli zdj\u0105\u0107 mu kaleson. To b\u0142\u0105d, poniewa\u017c ka\u017cde mokre ubranie oddzia\u0142uje z podobn\u0105 moc\u0105 jak woda. Ta wyci\u0105ga ciep\u0142o a\u017c 25 razy szybciej ni\u017c powietrze. Przedstawiciel mors\u00f3w przekaza\u0142 &#8222;foli\u0119 \u017cycia&#8221; dla zabezpieczenia termicznego poszkodowanego.<\/p>\n<p>M\u0119\u017cczyzna ca\u0142y czas trz\u0105s\u0142 si\u0119 z zimna. Karetka przyjecha\u0142a po oko\u0142o 5 minutach od momentu rozpocz\u0119cia zdejmowania ubra\u0144. Medycy tak\u017ce wiedzieli, \u017ce zdj\u0105\u0107 nale\u017cy tak\u017ce kalesony. W ciep\u0142ej karetce sprawdzono stan pacjenta i przewieziono do ostrowskiego szpitala.<\/p>\n<p>Cz\u0142owiek jest organizmem sta\u0142ocieplnym. Prawid\u0142owa temperatura wynosi ok. 36,6 st. Celsjusza. Obni\u017cenie wewn\u0119trznej temperatury organizmu ju\u017c o 2 stopnie wywo\u0142uje szereg objaw\u00f3w. Spadek kolejnych stopni mo\u017ce zako\u0144czy\u0107 si\u0119 zatrzymaniem akcji serca.<\/p>\n<p>Troch\u0119 przykro, \u017ce policjanci na tak skrajne sytuacje nie maj\u0105 na wyposa\u017ceniu folii \u017cycia, koca czy nie mogli wprowadzi\u0107 m\u0119\u017cczyzny na tylne siedzenie nagrzanego radiowozu. By\u0107 mo\u017ce z bud\u017cetu miejskiego lub powiatowego zostan\u0105 takowe zakupione, poniewa\u017c w takich sytuacjach ka\u017cda minuta jest na wag\u0119 \u017cycia lub \u015bmierci.<\/p>\n<div id='gallery-1' class='gallery galleryid-5958 gallery-columns-3 gallery-size-thumbnail'><figure class='gallery-item'>\n\t\t\t<div class='gallery-icon landscape'>\n\t\t\t\t<a href='https:\/\/ostrowskatv.pl\/?attachment_id=5961'><img loading=\"lazy\" decoding=\"async\" width=\"150\" height=\"150\" src=\"https:\/\/ostrowskatv.pl\/wp-content\/uploads\/2018\/03\/hipotermia_03-150x150.jpg\" class=\"attachment-thumbnail size-thumbnail\" alt=\"\" \/><\/a>\n\t\t\t<\/div><\/figure><figure class='gallery-item'>\n\t\t\t<div class='gallery-icon landscape'>\n\t\t\t\t<a href='https:\/\/ostrowskatv.pl\/?attachment_id=5960'><img loading=\"lazy\" decoding=\"async\" width=\"150\" height=\"150\" src=\"https:\/\/ostrowskatv.pl\/wp-content\/uploads\/2018\/03\/hipotermia_01-150x150.jpg\" class=\"attachment-thumbnail size-thumbnail\" alt=\"\" \/><\/a>\n\t\t\t<\/div><\/figure><figure class='gallery-item'>\n\t\t\t<div class='gallery-icon landscape'>\n\t\t\t\t<a href='https:\/\/ostrowskatv.pl\/?attachment_id=5959'><img loading=\"lazy\" decoding=\"async\" width=\"150\" height=\"150\" src=\"https:\/\/ostrowskatv.pl\/wp-content\/uploads\/2018\/03\/hipotermia_02-150x150.jpg\" class=\"attachment-thumbnail size-thumbnail\" alt=\"\" \/><\/a>\n\t\t\t<\/div><\/figure>\n\t\t<\/div>\n\n<p>Wi\u0119cej o hipotermii i udzielaniu I pomocy:<\/p>\n<p><a href=\"https:\/\/www.ppoz.pl\/ratownictwo-i-ochrona-ludnosci\/627-hipotermia\">https:\/\/www.ppoz.pl\/ratownictwo-i-ochrona-ludnosci\/627-hipotermia<\/a><\/p>\n","protected":false},"excerpt":{"rendered":"Oko\u0142o godziny 16.00 w parku przy ul. 3 Maja w Ostrowie Wielkopolskim dosz\u0142o do bardzo niebezpiecznej sytuacji. M\u0119\u017cczyzna w wieku oko\u0142o 30 lat \n<a class=\"moretag\" href=\"https:\/\/ostrowskatv.pl\/?p=5958\"> [...]<\/a>","protected":false},"author":1,"featured_media":5959,"comment_status":"open","ping_status":"open","sticky":false,"template":"","format":"standard","meta":{"footnotes":""},"categories":[1],"tags":[2],"class_list":["post-5958","post","type-post","status-publish","format-standard","has-post-thumbnail","hentry","category-news","tag-ostrow-wielkopolski"],"_links":{"self":[{"href":"https:\/\/ostrowskatv.pl\/index.php?rest_route=\/wp\/v2\/posts\/5958","targetHints":{"allow":["GET"]}}],"collection":[{"href":"https:\/\/ostrowskatv.pl\/index.php?rest_route=\/wp\/v2\/posts"}],"about":[{"href":"https:\/\/ostrowskatv.pl\/index.php?rest_route=\/wp\/v2\/types\/post"}],"author":[{"embeddable":true,"href":"https:\/\/ostrowskatv.pl\/index.php?rest_route=\/wp\/v2\/users\/1"}],"replies":[{"embeddable":true,"href":"https:\/\/ostrowskatv.pl\/index.php?rest_route=%2Fwp%2Fv2%2Fcomments&post=5958"}],"version-history":[{"count":0,"href":"https:\/\/ostrowskatv.pl\/index.php?rest_route=\/wp\/v2\/posts\/5958\/revisions"}],"wp:featuredmedia":[{"embeddable":true,"href":"https:\/\/ostrowskatv.pl\/index.php?rest_route=\/wp\/v2\/media\/5959"}],"wp:attachment":[{"href":"https:\/\/ostrowskatv.pl\/index.php?rest_route=%2Fwp%2Fv2%2Fmedia&parent=5958"}],"wp:term":[{"taxonomy":"category","embeddable":true,"href":"https:\/\/ostrowskatv.pl\/index.php?rest_route=%2Fwp%2Fv2%2Fcategories&post=5958"},{"taxonomy":"post_tag","embeddable":true,"href":"https:\/\/ostrowskatv.pl\/index.php?rest_route=%2Fwp%2Fv2%2Ftags&post=5958"}],"curies":[{"name":"wp","href":"https:\/\/api.w.org\/{rel}","templated":true}]}}