{"id":5952,"date":"2018-03-20T07:38:12","date_gmt":"2018-03-20T06:38:12","guid":{"rendered":"http:\/\/ostrowska.tv\/?p=5952"},"modified":"2018-03-20T07:38:12","modified_gmt":"2018-03-20T06:38:12","slug":"zmiazdzylo-mu-noge-na-ostrowskim-dworcu","status":"publish","type":"post","link":"https:\/\/ostrowskatv.pl\/?p=5952","title":{"rendered":"Zmia\u017cd\u017cy\u0142o mu nog\u0119 na ostrowskim dworcu"},"content":{"rendered":"<p><strong>Po godzinie czwartej nad ranem dosz\u0142o do krwawego wypadku na terenie ostrowskiego dworca PKP. Poci\u0105g &#8222;Przemy\u015blanin&#8221; relacji Przemy\u015bl-Szczecin zmia\u017cd\u017cy\u0142 nog\u0119 m\u0142odemu m\u0119\u017cczy\u017anie. Wed\u0142ug relacji \u015bwiadka, pasa\u017cer mia\u0142 si\u0119 zatoczy\u0107 pod poci\u0105g. Nieoficjalnie wiemy, \u017ce mia\u0142 niewiele ponad 20 lat i wa\u017cy\u0142 oko\u0142o 120 kilogram\u00f3w. Poszkodowany ma zmia\u017cd\u017con\u0105 jedn\u0105 nog\u0119 w stawie skokowym. W oczekiwaniu na karetk\u0119 pogotowia, przeniesiono go do holu, gdzie pozosta\u0142a po nim plama krwi. Poci\u0105g przez wypadek ma 100 minutowe op\u00f3\u017anienie.<\/strong><\/p>\n<div id='gallery-1' class='gallery galleryid-5952 gallery-columns-3 gallery-size-thumbnail'><figure class='gallery-item'>\n\t\t\t<div class='gallery-icon portrait'>\n\t\t\t\t<a href='https:\/\/ostrowskatv.pl\/?attachment_id=5956'><img loading=\"lazy\" decoding=\"async\" width=\"150\" height=\"150\" src=\"https:\/\/ostrowskatv.pl\/wp-content\/uploads\/2018\/03\/dworzec_noga1-150x150.jpg\" class=\"attachment-thumbnail size-thumbnail\" alt=\"\" \/><\/a>\n\t\t\t<\/div><\/figure><figure class='gallery-item'>\n\t\t\t<div class='gallery-icon landscape'>\n\t\t\t\t<a href='https:\/\/ostrowskatv.pl\/?attachment_id=5955'><img loading=\"lazy\" decoding=\"async\" width=\"150\" height=\"150\" src=\"https:\/\/ostrowskatv.pl\/wp-content\/uploads\/2018\/03\/dworzec_noga2-150x150.jpg\" class=\"attachment-thumbnail size-thumbnail\" alt=\"\" \/><\/a>\n\t\t\t<\/div><\/figure><figure class='gallery-item'>\n\t\t\t<div class='gallery-icon portrait'>\n\t\t\t\t<a href='https:\/\/ostrowskatv.pl\/?attachment_id=5954'><img loading=\"lazy\" decoding=\"async\" width=\"150\" height=\"150\" src=\"https:\/\/ostrowskatv.pl\/wp-content\/uploads\/2018\/03\/dworzec_noga3-150x150.jpg\" class=\"attachment-thumbnail size-thumbnail\" alt=\"\" \/><\/a>\n\t\t\t<\/div><\/figure><figure class='gallery-item'>\n\t\t\t<div class='gallery-icon landscape'>\n\t\t\t\t<a href='https:\/\/ostrowskatv.pl\/?attachment_id=5953'><img loading=\"lazy\" decoding=\"async\" width=\"150\" height=\"150\" src=\"https:\/\/ostrowskatv.pl\/wp-content\/uploads\/2018\/03\/dworzec_noga4-150x150.jpg\" class=\"attachment-thumbnail size-thumbnail\" alt=\"\" \/><\/a>\n\t\t\t<\/div><\/figure>\n\t\t<\/div>\n\n","protected":false},"excerpt":{"rendered":"Po godzinie czwartej nad ranem dosz\u0142o do krwawego wypadku na terenie ostrowskiego dworca PKP. Poci\u0105g &#8222;Przemy\u015blanin&#8221; relacji Przemy\u015bl-Szczecin zmia\u017cd\u017cy\u0142 nog\u0119 m\u0142odemu m\u0119\u017cczy\u017anie. Wed\u0142ug \n<a class=\"moretag\" href=\"https:\/\/ostrowskatv.pl\/?p=5952\"> [...]<\/a>","protected":false},"author":1,"featured_media":5955,"comment_status":"open","ping_status":"open","sticky":false,"template":"","format":"standard","meta":{"footnotes":""},"categories":[1],"tags":[2],"class_list":["post-5952","post","type-post","status-publish","format-standard","has-post-thumbnail","hentry","category-news","tag-ostrow-wielkopolski"],"_links":{"self":[{"href":"https:\/\/ostrowskatv.pl\/index.php?rest_route=\/wp\/v2\/posts\/5952","targetHints":{"allow":["GET"]}}],"collection":[{"href":"https:\/\/ostrowskatv.pl\/index.php?rest_route=\/wp\/v2\/posts"}],"about":[{"href":"https:\/\/ostrowskatv.pl\/index.php?rest_route=\/wp\/v2\/types\/post"}],"author":[{"embeddable":true,"href":"https:\/\/ostrowskatv.pl\/index.php?rest_route=\/wp\/v2\/users\/1"}],"replies":[{"embeddable":true,"href":"https:\/\/ostrowskatv.pl\/index.php?rest_route=%2Fwp%2Fv2%2Fcomments&post=5952"}],"version-history":[{"count":0,"href":"https:\/\/ostrowskatv.pl\/index.php?rest_route=\/wp\/v2\/posts\/5952\/revisions"}],"wp:featuredmedia":[{"embeddable":true,"href":"https:\/\/ostrowskatv.pl\/index.php?rest_route=\/wp\/v2\/media\/5955"}],"wp:attachment":[{"href":"https:\/\/ostrowskatv.pl\/index.php?rest_route=%2Fwp%2Fv2%2Fmedia&parent=5952"}],"wp:term":[{"taxonomy":"category","embeddable":true,"href":"https:\/\/ostrowskatv.pl\/index.php?rest_route=%2Fwp%2Fv2%2Fcategories&post=5952"},{"taxonomy":"post_tag","embeddable":true,"href":"https:\/\/ostrowskatv.pl\/index.php?rest_route=%2Fwp%2Fv2%2Ftags&post=5952"}],"curies":[{"name":"wp","href":"https:\/\/api.w.org\/{rel}","templated":true}]}}