{"id":595,"date":"2016-03-17T16:02:29","date_gmt":"2016-03-17T15:02:29","guid":{"rendered":"http:\/\/ostrowska.tv\/?p=595"},"modified":"2016-03-17T16:02:29","modified_gmt":"2016-03-17T15:02:29","slug":"kawka-miasto-odpuscilo-przez-zaniechanie-urbaniaka","status":"publish","type":"post","link":"https:\/\/ostrowskatv.pl\/?p=595","title":{"rendered":"KAWKA: Miasto odpu\u015bci\u0142o przez zaniechanie Urbaniaka?"},"content":{"rendered":"<p><strong>Radny Andrzej Kornaszewski pyta\u0142 niedawno w\u0142adze miasta, dlaczego Ostr\u00f3w Wielkopolski nie stara si\u0119 o uczestnictwo w programie KAWKA. Dzi\u015b znamy ju\u017c odpowied\u017a Urz\u0119du Miejskiego.<\/strong><\/p>\n<p>Przypomnijmy, \u017ce KAWKA to priorytetowy program Narodowego Funduszu Ochrony \u015arodowiska i Gospodarki Wodnej. Jego celem jest poprawa jako\u015bci powietrza. Zak\u0142ada on realizacj\u0119 przedsi\u0119wzi\u0119\u0107 maj\u0105cych na celu ograniczenie niskiej emisji. \u015arodki z tego programu mog\u0105 by\u0107 przeznaczone na trzy rodzaje dzia\u0142a\u0144. Jednym z nich jest wymiana \u017ar\u00f3de\u0142 ogrzewania na ekologiczne. Mo\u017cna te\u017c wymieni\u0107 piece w\u0119glowe na w\u0119glowe, ale spe\u0142niaj\u0105ce normy europejskie. Poza tym, mo\u017cliwe jest pod\u0142\u0105czenie do ciep\u0142oci\u0105gu miejskiego albo inwestycja w \u017ar\u00f3d\u0142a odnawialne takie jak panele s\u0142oneczne. W ocenie radnego Platformy Obywatelskiej miasto powinno wzi\u0105\u0107 udzia\u0142 w programie ze wzgl\u0119du na fataln\u0105 jako\u015b\u0107 powietrza w Ostrowie. Co s\u0105dz\u0105 na ten temat przedstawiciele Urz\u0119du Miejskiego?<\/p>\n<p>Jak informuje nas Artur Ko\u0142aci\u0144ski z Biura Prasowego, jednym z warunk\u00f3w przyst\u0105pienia do programu by\u0142o z\u0142o\u017cenie o\u015bwiadczenia przez prezydenta o posiadaniu dokumentu strategicznego odnosz\u0105cego si\u0119 wprost do jako\u015bci powietrza na terenie miasta Ostrowa Wielkopolskiego. Takim dokumentem m\u00f3g\u0142 by\u0107 np. <strong>Plan Gospodarki Niskoemisyjnej<\/strong> dla Miasta Ostrowa Wielkopolskiego. I to w\u0142a\u015bnie ta kwestia okaza\u0142a si\u0119 problemem.<\/p>\n<p>W lipcu 2014 roku z\u0142o\u017cenie aplikacji do programu mia\u0142 rozwa\u017ca\u0107 by\u0142y prezydent Ostrowa Wielkopolskiego Jaros\u0142aw Urbaniak. Warto te\u017c doda\u0107, \u017ce pierwszy nab\u00f3r wniosk\u00f3w do programu zako\u0144czy\u0142 si\u0119 28 czerwca 2013 roku, drugi termin naboru to 30 czerwca 2014 roku, termin trzeciego naboru up\u0142yn\u0105\u0142 30 pa\u017adziernika 2015 roku.<\/p>\n<blockquote><p>&#8211; Pani Beata Klimek funkcj\u0119 prezydenta miasta Ostrowa Wielkopolskiego pe\u0142ni od grudnia 2014 roku. W pierwszym kwartale 2015 roku. powierzy\u0142a ona Wydzia\u0142owi Inwestycji i Rozwoju zadanie przyst\u0105pienia do prac polegaj\u0105cych na opracowaniu dokumentu strategicznego, kt\u00f3ry umo\u017cliwi m.in. sk\u0142adanie aplikacji do program\u00f3w pozwalaj\u0105cych przeciwdzia\u0142a\u0107 niskiej emisji, w tym do programu KAWKA \u2013 wyja\u015bnia w rozmowie z nasz\u0105 redakcj\u0105 Artur Ko\u0142aci\u0144ski z Biura Prasowego Urz\u0119du Miejskiego w Ostrowie Wielkopolskim.<\/p><\/blockquote>\n<p>W\u0142adza miasta informuj\u0105, \u017ce 11 maja 2015 roku dosz\u0142o ju\u017c do podpisania umowy z wykonawc\u0105 na opracowanie dokumentu. Nast\u0119pnie wdro\u017cono jego procedowanie, mi\u0119dzy innymi przeprowadzono konsultacje spo\u0142eczne, kt\u00f3re zako\u0144czy\u0142y si\u0119 23 pa\u017adziernika 2015 roku.<\/p>\n<blockquote><p>&#8211; 28 pa\u017adziernika 2015 roku dokument pn. Plan Gospodarki Niskoemisyjnej dla Miasta Ostrowa Wielkopolskiego zosta\u0142 przyj\u0119ty uchwa\u0142\u0105 Rady Miejskiej Ostrowa Wielkopolskiego nr XIII\/155\/2015, tj. ju\u017c w pierwszym roku obecnej kadencji. Termin sk\u0142adania wniosk\u00f3w do programu KAWKA up\u0142ywa\u0142 ju\u017c jednak dwa dni p\u00f3\u017aniej &#8211; 30 pa\u017adziernika 2015 roku \u2013 t\u0142umaczy Artur Ko\u0142aci\u0144ski.<\/p><\/blockquote>\n<p>Miasto nie mia\u0142o zatem \u017cadnych szans przyst\u0105pi\u0107 do pierweszgo i drugiego naboru, bo brakowa\u0142o wspomnianego dokumentu. W przypadku ostatniego terminu by\u0142o z kolei za ma\u0142o czasu.<\/p>\n<blockquote><p>&#8211; Brak dokumentu strategicznego w wymiarze lokalnym, odnosz\u0105cego si\u0119 do ochrony powietrza, uniemo\u017cliwi\u0142 panu Jaros\u0142awowi Urbaniakowi aplikowanie do programu KAWKA w pierwszym i drugim naborze, tj. w roku 2013 i 2014. Fakt zaniechania skutecznych dzia\u0142a\u0144 zmierzaj\u0105cych do przyj\u0119cia takiego dokumentu, uniemo\u017cliwi\u0142 r\u00f3wnie\u017c z\u0142o\u017cenie aplikacji w trzecim naborze tj. w roku 2015 \u2013 dodaje na zako\u0144czenie Artur Ko\u0142aci\u0144ski.<\/p><\/blockquote>\n","protected":false},"excerpt":{"rendered":"Radny Andrzej Kornaszewski pyta\u0142 niedawno w\u0142adze miasta, dlaczego Ostr\u00f3w Wielkopolski nie stara si\u0119 o uczestnictwo w programie KAWKA. Dzi\u015b znamy ju\u017c odpowied\u017a Urz\u0119du \n<a class=\"moretag\" href=\"https:\/\/ostrowskatv.pl\/?p=595\"> [...]<\/a>","protected":false},"author":1,"featured_media":568,"comment_status":"open","ping_status":"open","sticky":false,"template":"","format":"standard","meta":{"footnotes":""},"categories":[1],"tags":[66],"class_list":["post-595","post","type-post","status-publish","format-standard","has-post-thumbnail","hentry","category-news","tag-kawka"],"_links":{"self":[{"href":"https:\/\/ostrowskatv.pl\/index.php?rest_route=\/wp\/v2\/posts\/595","targetHints":{"allow":["GET"]}}],"collection":[{"href":"https:\/\/ostrowskatv.pl\/index.php?rest_route=\/wp\/v2\/posts"}],"about":[{"href":"https:\/\/ostrowskatv.pl\/index.php?rest_route=\/wp\/v2\/types\/post"}],"author":[{"embeddable":true,"href":"https:\/\/ostrowskatv.pl\/index.php?rest_route=\/wp\/v2\/users\/1"}],"replies":[{"embeddable":true,"href":"https:\/\/ostrowskatv.pl\/index.php?rest_route=%2Fwp%2Fv2%2Fcomments&post=595"}],"version-history":[{"count":0,"href":"https:\/\/ostrowskatv.pl\/index.php?rest_route=\/wp\/v2\/posts\/595\/revisions"}],"wp:featuredmedia":[{"embeddable":true,"href":"https:\/\/ostrowskatv.pl\/index.php?rest_route=\/wp\/v2\/media\/568"}],"wp:attachment":[{"href":"https:\/\/ostrowskatv.pl\/index.php?rest_route=%2Fwp%2Fv2%2Fmedia&parent=595"}],"wp:term":[{"taxonomy":"category","embeddable":true,"href":"https:\/\/ostrowskatv.pl\/index.php?rest_route=%2Fwp%2Fv2%2Fcategories&post=595"},{"taxonomy":"post_tag","embeddable":true,"href":"https:\/\/ostrowskatv.pl\/index.php?rest_route=%2Fwp%2Fv2%2Ftags&post=595"}],"curies":[{"name":"wp","href":"https:\/\/api.w.org\/{rel}","templated":true}]}}