{"id":5948,"date":"2018-03-20T07:01:32","date_gmt":"2018-03-20T06:01:32","guid":{"rendered":"http:\/\/ostrowska.tv\/?p=5948"},"modified":"2018-03-20T07:01:32","modified_gmt":"2018-03-20T06:01:32","slug":"cysterna-z-paliwem-w-ogniu","status":"publish","type":"post","link":"https:\/\/ostrowskatv.pl\/?p=5948","title":{"rendered":"Cysterna z paliwem w ogniu"},"content":{"rendered":"<p><strong>Cysterna przewo\u017c\u0105ca benzyn\u0119 stan\u0119\u0142a w ogniu. Kierowca Volvo we wsi \u015awieca w gminie Odolan\u00f3w zorientowa\u0142 si\u0119, \u017ce na wysoko\u015bci tylnego ko\u0142a w cysternie pojawi\u0142y si\u0119 p\u0142omienie. M\u0119\u017cczyzna, \u017ceby zminimalizowa\u0107 zagro\u017cenie, wyjecha\u0142 cystern\u0105 poza wie\u015b. Po zatrzymaniu si\u0119 na trasie \u015awieca-Odolan\u00f3w, oddali\u0142 si\u0119 na znaczn\u0105 odleg\u0142o\u015b\u0107, obawiaj\u0105c si\u0119 wybuchu.<\/strong><\/p>\n<p>Na miejsce zadysponowano 4 jednostki stra\u017cy po\u017carnej. Dwa wozy ga\u015bnicze z Ostrowa Wielkopolskiego oraz dwa z OSP Odolan\u00f3w. Stra\u017cakom uda\u0142o si\u0119 do\u015b\u0107 szybko ugasi\u0107 obj\u0119t\u0105 ogniem cz\u0119\u015b\u0107 cysterny. Na szcz\u0119\u015bcie nie dosz\u0142o do rozszczelnienia.<\/p>\n<p>Benzyna b\u0119dzie przetaczana do podstawionej drugiej cysterny. Do tego czasu b\u0119d\u0105 wyst\u0119powa\u0107 utrudnienia na tej trasie.<\/p>\n<div id='gallery-1' class='gallery galleryid-5948 gallery-columns-3 gallery-size-thumbnail'><figure class='gallery-item'>\n\t\t\t<div class='gallery-icon portrait'>\n\t\t\t\t<a href='https:\/\/ostrowskatv.pl\/?attachment_id=5950'><img loading=\"lazy\" decoding=\"async\" width=\"150\" height=\"150\" src=\"https:\/\/ostrowskatv.pl\/wp-content\/uploads\/2018\/03\/cysterna_swieca_01-150x150.jpg\" class=\"attachment-thumbnail size-thumbnail\" alt=\"\" \/><\/a>\n\t\t\t<\/div><\/figure><figure class='gallery-item'>\n\t\t\t<div class='gallery-icon landscape'>\n\t\t\t\t<a href='https:\/\/ostrowskatv.pl\/?attachment_id=5949'><img loading=\"lazy\" decoding=\"async\" width=\"150\" height=\"150\" src=\"https:\/\/ostrowskatv.pl\/wp-content\/uploads\/2018\/03\/cysterna_swieca_02-150x150.jpg\" class=\"attachment-thumbnail size-thumbnail\" alt=\"\" \/><\/a>\n\t\t\t<\/div><\/figure>\n\t\t<\/div>\n\n","protected":false},"excerpt":{"rendered":"Cysterna przewo\u017c\u0105ca benzyn\u0119 stan\u0119\u0142a w ogniu. Kierowca Volvo we wsi \u015awieca w gminie Odolan\u00f3w zorientowa\u0142 si\u0119, \u017ce na wysoko\u015bci tylnego ko\u0142a w cysternie \n<a class=\"moretag\" href=\"https:\/\/ostrowskatv.pl\/?p=5948\"> [...]<\/a>","protected":false},"author":1,"featured_media":5949,"comment_status":"open","ping_status":"open","sticky":false,"template":"","format":"standard","meta":{"footnotes":""},"categories":[1],"tags":[92],"class_list":["post-5948","post","type-post","status-publish","format-standard","has-post-thumbnail","hentry","category-news","tag-gm-odolanow"],"_links":{"self":[{"href":"https:\/\/ostrowskatv.pl\/index.php?rest_route=\/wp\/v2\/posts\/5948","targetHints":{"allow":["GET"]}}],"collection":[{"href":"https:\/\/ostrowskatv.pl\/index.php?rest_route=\/wp\/v2\/posts"}],"about":[{"href":"https:\/\/ostrowskatv.pl\/index.php?rest_route=\/wp\/v2\/types\/post"}],"author":[{"embeddable":true,"href":"https:\/\/ostrowskatv.pl\/index.php?rest_route=\/wp\/v2\/users\/1"}],"replies":[{"embeddable":true,"href":"https:\/\/ostrowskatv.pl\/index.php?rest_route=%2Fwp%2Fv2%2Fcomments&post=5948"}],"version-history":[{"count":0,"href":"https:\/\/ostrowskatv.pl\/index.php?rest_route=\/wp\/v2\/posts\/5948\/revisions"}],"wp:featuredmedia":[{"embeddable":true,"href":"https:\/\/ostrowskatv.pl\/index.php?rest_route=\/wp\/v2\/media\/5949"}],"wp:attachment":[{"href":"https:\/\/ostrowskatv.pl\/index.php?rest_route=%2Fwp%2Fv2%2Fmedia&parent=5948"}],"wp:term":[{"taxonomy":"category","embeddable":true,"href":"https:\/\/ostrowskatv.pl\/index.php?rest_route=%2Fwp%2Fv2%2Fcategories&post=5948"},{"taxonomy":"post_tag","embeddable":true,"href":"https:\/\/ostrowskatv.pl\/index.php?rest_route=%2Fwp%2Fv2%2Ftags&post=5948"}],"curies":[{"name":"wp","href":"https:\/\/api.w.org\/{rel}","templated":true}]}}