{"id":592,"date":"2016-03-16T18:38:29","date_gmt":"2016-03-16T17:38:29","guid":{"rendered":"http:\/\/ostrowska.tv\/?p=592"},"modified":"2016-03-16T18:38:29","modified_gmt":"2016-03-16T17:38:29","slug":"obawy-o-500-plus-urzednicy-wyjada-w-teren-po-wnioski","status":"publish","type":"post","link":"https:\/\/ostrowskatv.pl\/?p=592","title":{"rendered":"Obawy o 500 plus. Urz\u0119dnicy wyjad\u0105 w teren po wnioski"},"content":{"rendered":"<p><strong>1 kwietnia startuje program &#8222;Rodzina 500 plus&#8221;. Gmina Ostr\u00f3w chce przy\u0142o\u017cy\u0107 si\u0119 do niego maksymalnie profesjonalnie. Wszystko po to, \u017ceby rodzice unikn\u0119li d\u0142ugich kolejek przy sk\u0142adaniu wniosk\u00f3w.<\/strong><\/p>\n<p>Warto powiedzie\u0107, \u017ce wnioski b\u0119dzie mo\u017cna sk\u0142ada\u0107 od 1 kwietnia przez trzy miesi\u0105ce. Termin ich z\u0142o\u017cenia nie jest jednak a\u017c tak istotny \u2013 wyp\u0142ata \u015bwiadczenia b\u0119dzie przys\u0142ugiwa\u0107 wszystkim od pocz\u0105tku przysz\u0142ego miesi\u0105ca.<\/p>\n<p>W\u0142adze gminy maj\u0105 nadziej\u0119, \u017ce wszyscy uprawnieni do pobrania \u015bwiadczenia (a w gminie jest ich oko\u0142o 2000) nie b\u0119d\u0105 chcieli za\u0142atwi\u0107 sprawy jak najszybciej, bo to mog\u0142oby powoda\u0107 du\u017ce kolejki. To mo\u017ce okaza\u0107 si\u0119 jednak tylko pobo\u017cnym \u017cyczeniem.<\/p>\n<blockquote><p>&#8211; Przewidujemy, \u017ce du\u017ca grupa os\u00f3b b\u0119dzie chcia\u0142a z\u0142o\u017cy\u0107 wnioski jak najpr\u0119dzej i dlatego przygotowujemy si\u0119 na taki scenariusz \u2013 wyja\u015bnia Piotr \u015aniegowski, przewodnicz\u0105cy Rady Gminy.<\/p><\/blockquote>\n<p>W gminie Ostr\u00f3w Wielkopolski za realizacj\u0119 programu odpowiada\u0107 b\u0119dzie Gminny O\u015brodek Pomocy Spo\u0142ecznej, kt\u00f3ry na wnioski b\u0119dzie czeka\u0107 nie tylko w swojej siedzibie. Jego pracownicy zamierzaj\u0105 ruszy\u0107 w teren.<\/p>\n<blockquote><p>&#8211; Nie chcemy zepsu\u0107 rado\u015bci z tych pieni\u0119dzy d\u0142ugim oczekiwaniem w kolejkach. Gdyby 2000 uprawnionych do tego \u015bwiadczenia os\u00f3b pojawi\u0142o si\u0119 jednego dnia w GOPS-ie, to \u0142atwo domy\u015bli\u0107 si\u0119, jaki mieliby\u015bmy problem. W zwi\u0105zku z tym podj\u0105\u0142em decyzj\u0119, \u017ce wyjedziemy w teren. Wnioski b\u0119dzie mo\u017cna sk\u0142ada\u0107 w jednostkach o\u015bwiatowych znajduj\u0105cych si\u0119 na terenie gminy \u2013 wyja\u015bnia W\u00f3jt Gminy Ostr\u00f3w Wielkopolski Piotr Kuroszczyk.<\/p><\/blockquote>\n<p>Na specjalnie przygotowanym plakacie, kt\u00f3ry znajduje si\u0119 poni\u017cej, znajduj\u0105 si\u0119 godziny i miejsca, w kt\u00f3rych pracownicy Gminnego O\u015brodka Pomocy Spo\u0142ecznej, b\u0119d\u0105 przyjmowa\u0107 wnioski od rodzic\u00f3w. Za ka\u017cdym razem dw\u00f3ch pracownik\u00f3w wyjedzie w teren na dwie i p\u00f3\u0142 godziny. Ich dy\u017cur b\u0119dzie trwa\u0107 zawsze od 8:00 do 10:30. P\u00f3\u017aniej wr\u00f3c\u0105 do GOPS-u, bo wszystkie wnioski musz\u0105 by\u0107 sprawdzone i wprowadzone do systemu informatycznego jeszcze tego samego dnia. Niemal natychmiast musi zosta\u0107 podj\u0119ta r\u00f3wnie\u017c decyzja, czy dana osoba kwalifikuje si\u0119 do przyznania jej \u015bwiadczenia.<\/p>\n<figure id=\"attachment_593\" aria-describedby=\"caption-attachment-593\" style=\"width: 269px\" class=\"wp-caption alignnone\"><img loading=\"lazy\" decoding=\"async\" class=\"size-large wp-image-593\" src=\"http:\/\/ostrowska.tv\/wp-content\/uploads\/2016\/03\/500-plus-269x360.jpg\" alt=\"kliknij, \u017ceby powi\u0119kszy\u0107\" width=\"269\" height=\"360\" srcset=\"https:\/\/ostrowskatv.pl\/wp-content\/uploads\/2016\/03\/500-plus-269x360.jpg 269w, https:\/\/ostrowskatv.pl\/wp-content\/uploads\/2016\/03\/500-plus-224x300.jpg 224w, https:\/\/ostrowskatv.pl\/wp-content\/uploads\/2016\/03\/500-plus.jpg 972w\" sizes=\"auto, (max-width: 269px) 100vw, 269px\" \/><figcaption id=\"caption-attachment-593\" class=\"wp-caption-text\">kliknij, \u017ceby powi\u0119kszy\u0107<\/figcaption><\/figure>\n<p>Wniosek liczy 14 stron. Bardzo istotne jest jego poprawne wype\u0142nienie. Je\u015bli pojawi\u0105 si\u0119 b\u0142\u0119dy, osoba ubiegaj\u0105ca si\u0119 o wyp\u0142at\u0119 \u015bwiadczenia b\u0119dzie musia\u0142a pojawi\u0107 si\u0119 w GOPS-ie jeszcze raz, a to sprawi, \u017ce ca\u0142a procedura zacznie si\u0119 wyd\u0142u\u017ca\u0107. Warto podkre\u015bli\u0107, \u017ce dokumenty b\u0119dzie mo\u017cna sk\u0142ada\u0107 tak\u017ce drog\u0105 elektroniczn\u0105. Mo\u017cliwe s\u0105 trzy warianty. Pierwszy zak\u0142ada ich wype\u0142nienie za pomoc\u0105 platformy &#8222;Empatia&#8221;, kt\u00f3r\u0105 przygotowuje ministerstwo. Poza tym, platforma elektroniczna ma dzia\u0142a\u0107 w ZUS-ie i w przypadku bank\u00f3w, kt\u00f3re podpisa\u0142y umow\u0119 na realizacj\u0119 programu. Im wi\u0119cej os\u00f3b zdecyduje si\u0119 na taki spos\u00f3b z\u0142o\u017cenia wniosku, tym mniejsze b\u0119d\u0105 kolejki w plac\u00f3wkach odpowiadaj\u0105cych za realizacj\u0119 \u015bwiadcze\u0144.<\/p>\n<p>Jak uda\u0142o nam si\u0119 r\u00f3wnie\u017c ustali\u0107, Urz\u0105d Miejski w Ostrowie Wielkopolskim nie planuje zorganizowania dodatkowych punkt\u00f3w, gdzie b\u0119d\u0105 sk\u0142adane wnioski. Za wszystko b\u0119dzie odpowiada\u0107 w tym przypadku Miejski O\u015brodek Pomocy Spo\u0142ecznej. Szczeg\u00f3\u0142y w\u0142adze miasta maj\u0105 przedstawi\u0107 w najbli\u017cszych dniach.<\/p>\n","protected":false},"excerpt":{"rendered":"1 kwietnia startuje program &#8222;Rodzina 500 plus&#8221;. Gmina Ostr\u00f3w chce przy\u0142o\u017cy\u0107 si\u0119 do niego maksymalnie profesjonalnie. Wszystko po to, \u017ceby rodzice unikn\u0119li d\u0142ugich \n<a class=\"moretag\" href=\"https:\/\/ostrowskatv.pl\/?p=592\"> [...]<\/a>","protected":false},"author":1,"featured_media":593,"comment_status":"open","ping_status":"open","sticky":false,"template":"","format":"standard","meta":{"footnotes":""},"categories":[1],"tags":[65],"class_list":["post-592","post","type-post","status-publish","format-standard","has-post-thumbnail","hentry","category-news","tag-gmina-ostrow"],"_links":{"self":[{"href":"https:\/\/ostrowskatv.pl\/index.php?rest_route=\/wp\/v2\/posts\/592","targetHints":{"allow":["GET"]}}],"collection":[{"href":"https:\/\/ostrowskatv.pl\/index.php?rest_route=\/wp\/v2\/posts"}],"about":[{"href":"https:\/\/ostrowskatv.pl\/index.php?rest_route=\/wp\/v2\/types\/post"}],"author":[{"embeddable":true,"href":"https:\/\/ostrowskatv.pl\/index.php?rest_route=\/wp\/v2\/users\/1"}],"replies":[{"embeddable":true,"href":"https:\/\/ostrowskatv.pl\/index.php?rest_route=%2Fwp%2Fv2%2Fcomments&post=592"}],"version-history":[{"count":0,"href":"https:\/\/ostrowskatv.pl\/index.php?rest_route=\/wp\/v2\/posts\/592\/revisions"}],"wp:featuredmedia":[{"embeddable":true,"href":"https:\/\/ostrowskatv.pl\/index.php?rest_route=\/wp\/v2\/media\/593"}],"wp:attachment":[{"href":"https:\/\/ostrowskatv.pl\/index.php?rest_route=%2Fwp%2Fv2%2Fmedia&parent=592"}],"wp:term":[{"taxonomy":"category","embeddable":true,"href":"https:\/\/ostrowskatv.pl\/index.php?rest_route=%2Fwp%2Fv2%2Fcategories&post=592"},{"taxonomy":"post_tag","embeddable":true,"href":"https:\/\/ostrowskatv.pl\/index.php?rest_route=%2Fwp%2Fv2%2Ftags&post=592"}],"curies":[{"name":"wp","href":"https:\/\/api.w.org\/{rel}","templated":true}]}}