{"id":5897,"date":"2018-03-17T10:37:56","date_gmt":"2018-03-17T09:37:56","guid":{"rendered":"http:\/\/ostrowska.tv\/?p=5897"},"modified":"2018-03-17T10:47:05","modified_gmt":"2018-03-17T09:47:05","slug":"morderca-spod-jarocina-trafil-do-ostrowskiego-sadu","status":"publish","type":"post","link":"https:\/\/ostrowskatv.pl\/?p=5897","title":{"rendered":"Morderca spod Jarocina trafi\u0142 do ostrowskiego S\u0105du"},"content":{"rendered":"<p><strong>22-letni Eryk J. w pi\u0105tek trafi\u0142 przed oblicze ostrowskiego S\u0105du. To w\u0142a\u015bnie w naszym mie\u015bcie by\u0142 rozpatrywany wniosek o 3-miesi\u0119czny areszt dla podejrzanego. To pok\u0142osie makabrycznej zbrodni, do kt\u00f3rej dosz\u0142o kilkadziesi\u0105t godzin wcze\u015bniej w Cerekwicy Starej ko\u0142o Jarocina. 22-latek przyzna\u0142 si\u0119 do zabicia dw\u00f3ch os\u00f3b i usi\u0142owania pozbawienia \u017cycia swojej by\u0142ej partnerki i nienarodzonego jeszcze dziecka. To przebywa w stanie krytycznym na oddziale neonatologicznym ostrowskiego szpitala.<\/strong><\/p>\n<p>S\u0119dzia Ma\u0142gorzata Zimorska-Abdullaev po zapoznaniu si\u0119 z wnioskiem Prokuratury Okr\u0119gowej, podj\u0119\u0142a decyzj\u0119 o zastosowaniu najostrzejszego \u015brodka zapobiegawczego wobec m\u0119\u017cczyzny. Jego obro\u0144ca z urz\u0119du Wojciech Kapciuk w wypowiedzi dla TVN24 powiedzia\u0142, \u017ce jego klient wyrazi\u0142 skruch\u0119 oraz gdyby m\u00f3g\u0142 cofn\u0105\u0107 czas, nie dokona\u0142by zbrodni. Dopiero po czasie dotar\u0142o do niego co zrobi\u0142.<\/p>\n<p>22-letniego m\u0119\u017cczyzn\u0119 doprowadzono do ostrowskiego S\u0105du w specjalnym kasku, jak pami\u0119tnego zbrodniarza Kajetana P. S\u0142u\u017cy on do ochrony cia\u0142a podejrzanego przed samookaleczeniem, np. uderzaniem g\u0142ow\u0105 o znajduj\u0105ce si\u0119 woko\u0142o przedmioty.<\/p>\n<div id='gallery-1' class='gallery galleryid-5897 gallery-columns-3 gallery-size-thumbnail'><figure class='gallery-item'>\n\t\t\t<div class='gallery-icon landscape'>\n\t\t\t\t<a href='https:\/\/ostrowskatv.pl\/?attachment_id=5900'><img loading=\"lazy\" decoding=\"async\" width=\"150\" height=\"150\" src=\"https:\/\/ostrowskatv.pl\/wp-content\/uploads\/2018\/03\/eryk_cerekwica_03-150x150.jpg\" class=\"attachment-thumbnail size-thumbnail\" alt=\"\" \/><\/a>\n\t\t\t<\/div><\/figure><figure class='gallery-item'>\n\t\t\t<div class='gallery-icon landscape'>\n\t\t\t\t<a href='https:\/\/ostrowskatv.pl\/?attachment_id=5901'><img loading=\"lazy\" decoding=\"async\" width=\"150\" height=\"150\" src=\"https:\/\/ostrowskatv.pl\/wp-content\/uploads\/2018\/03\/eryk_cerekwica_02-150x150.jpg\" class=\"attachment-thumbnail size-thumbnail\" alt=\"\" \/><\/a>\n\t\t\t<\/div><\/figure><figure class='gallery-item'>\n\t\t\t<div class='gallery-icon landscape'>\n\t\t\t\t<a href='https:\/\/ostrowskatv.pl\/?attachment_id=5902'><img loading=\"lazy\" decoding=\"async\" width=\"150\" height=\"150\" src=\"https:\/\/ostrowskatv.pl\/wp-content\/uploads\/2018\/03\/eryk_cerekwica-150x150.jpg\" class=\"attachment-thumbnail size-thumbnail\" alt=\"\" \/><\/a>\n\t\t\t<\/div><\/figure>\n\t\t<\/div>\n\n","protected":false},"excerpt":{"rendered":"22-letni Eryk J. w pi\u0105tek trafi\u0142 przed oblicze ostrowskiego S\u0105du. To w\u0142a\u015bnie w naszym mie\u015bcie by\u0142 rozpatrywany wniosek o 3-miesi\u0119czny areszt dla podejrzanego. \n<a class=\"moretag\" href=\"https:\/\/ostrowskatv.pl\/?p=5897\"> [...]<\/a>","protected":false},"author":1,"featured_media":5898,"comment_status":"open","ping_status":"open","sticky":false,"template":"","format":"standard","meta":{"footnotes":""},"categories":[1],"tags":[2],"class_list":["post-5897","post","type-post","status-publish","format-standard","has-post-thumbnail","hentry","category-news","tag-ostrow-wielkopolski"],"_links":{"self":[{"href":"https:\/\/ostrowskatv.pl\/index.php?rest_route=\/wp\/v2\/posts\/5897","targetHints":{"allow":["GET"]}}],"collection":[{"href":"https:\/\/ostrowskatv.pl\/index.php?rest_route=\/wp\/v2\/posts"}],"about":[{"href":"https:\/\/ostrowskatv.pl\/index.php?rest_route=\/wp\/v2\/types\/post"}],"author":[{"embeddable":true,"href":"https:\/\/ostrowskatv.pl\/index.php?rest_route=\/wp\/v2\/users\/1"}],"replies":[{"embeddable":true,"href":"https:\/\/ostrowskatv.pl\/index.php?rest_route=%2Fwp%2Fv2%2Fcomments&post=5897"}],"version-history":[{"count":0,"href":"https:\/\/ostrowskatv.pl\/index.php?rest_route=\/wp\/v2\/posts\/5897\/revisions"}],"wp:featuredmedia":[{"embeddable":true,"href":"https:\/\/ostrowskatv.pl\/index.php?rest_route=\/wp\/v2\/media\/5898"}],"wp:attachment":[{"href":"https:\/\/ostrowskatv.pl\/index.php?rest_route=%2Fwp%2Fv2%2Fmedia&parent=5897"}],"wp:term":[{"taxonomy":"category","embeddable":true,"href":"https:\/\/ostrowskatv.pl\/index.php?rest_route=%2Fwp%2Fv2%2Fcategories&post=5897"},{"taxonomy":"post_tag","embeddable":true,"href":"https:\/\/ostrowskatv.pl\/index.php?rest_route=%2Fwp%2Fv2%2Ftags&post=5897"}],"curies":[{"name":"wp","href":"https:\/\/api.w.org\/{rel}","templated":true}]}}