{"id":5885,"date":"2018-03-14T09:14:10","date_gmt":"2018-03-14T08:14:10","guid":{"rendered":"http:\/\/ostrowska.tv\/?p=5885"},"modified":"2018-03-14T09:14:10","modified_gmt":"2018-03-14T08:14:10","slug":"pozar-domu-w-gm-raszkow","status":"publish","type":"post","link":"https:\/\/ostrowskatv.pl\/?p=5885","title":{"rendered":"Po\u017car domu w gm. Raszk\u00f3w"},"content":{"rendered":"<p><strong>Kwadrans przed 1:00 w nocy stra\u017c po\u017carna otrzyma\u0142a zg\u0142oszenie o po\u017carze poddasza budynku mieszkalnego we wsi Niemojewiec gm. Raszk\u00f3w. Na miejsce zadysponowano 7 zast\u0119p\u00f3w stra\u017cy po\u017carnej. W sumie z ogniem walczy\u0142o 25 stra\u017cak\u00f3w.<\/strong><\/p>\n<p>Dom zamieszkiwa\u0142y trzy osoby. Ma\u0142\u017ce\u0144stwo oraz matka w\u0142a\u015bciciela. M\u0142odsza kobieta opuszczaj\u0105c po ciemku pal\u0105cy si\u0119 budynek, przewr\u00f3ci\u0142a si\u0119 i rozci\u0119\u0142a sobie \u0142uk brwiowy. Sam po\u017car uda\u0142o si\u0119 ugasi\u0107 bardzo szybko, bo w 20 minut.<\/p>\n<p>Po oddymieniu okaza\u0142o si\u0119 pali\u0142y si\u0119 tylko dwie drewniane belki znajduj\u0105ce si\u0119 przy przewodzie kominowym. Stra\u017cacy po ugaszeniu ognia, z chirurgiczn\u0105 precyzj\u0105 wycinali spalone belki, staraj\u0105c si\u0119 zachowa\u0107 konstrukcj\u0119 dachu. Wszystkie dzia\u0142ania stra\u017cak\u00f3w trwa\u0142y 5,5 godziny.<\/p>\n<p>&nbsp;<\/p>\n","protected":false},"excerpt":{"rendered":"Kwadrans przed 1:00 w nocy stra\u017c po\u017carna otrzyma\u0142a zg\u0142oszenie o po\u017carze poddasza budynku mieszkalnego we wsi Niemojewiec gm. Raszk\u00f3w. Na miejsce zadysponowano 7 \n<a class=\"moretag\" href=\"https:\/\/ostrowskatv.pl\/?p=5885\"> [...]<\/a>","protected":false},"author":1,"featured_media":5489,"comment_status":"open","ping_status":"open","sticky":false,"template":"","format":"standard","meta":{"footnotes":""},"categories":[1],"tags":[153],"class_list":["post-5885","post","type-post","status-publish","format-standard","has-post-thumbnail","hentry","category-news","tag-gm-raszkow"],"_links":{"self":[{"href":"https:\/\/ostrowskatv.pl\/index.php?rest_route=\/wp\/v2\/posts\/5885","targetHints":{"allow":["GET"]}}],"collection":[{"href":"https:\/\/ostrowskatv.pl\/index.php?rest_route=\/wp\/v2\/posts"}],"about":[{"href":"https:\/\/ostrowskatv.pl\/index.php?rest_route=\/wp\/v2\/types\/post"}],"author":[{"embeddable":true,"href":"https:\/\/ostrowskatv.pl\/index.php?rest_route=\/wp\/v2\/users\/1"}],"replies":[{"embeddable":true,"href":"https:\/\/ostrowskatv.pl\/index.php?rest_route=%2Fwp%2Fv2%2Fcomments&post=5885"}],"version-history":[{"count":0,"href":"https:\/\/ostrowskatv.pl\/index.php?rest_route=\/wp\/v2\/posts\/5885\/revisions"}],"wp:featuredmedia":[{"embeddable":true,"href":"https:\/\/ostrowskatv.pl\/index.php?rest_route=\/wp\/v2\/media\/5489"}],"wp:attachment":[{"href":"https:\/\/ostrowskatv.pl\/index.php?rest_route=%2Fwp%2Fv2%2Fmedia&parent=5885"}],"wp:term":[{"taxonomy":"category","embeddable":true,"href":"https:\/\/ostrowskatv.pl\/index.php?rest_route=%2Fwp%2Fv2%2Fcategories&post=5885"},{"taxonomy":"post_tag","embeddable":true,"href":"https:\/\/ostrowskatv.pl\/index.php?rest_route=%2Fwp%2Fv2%2Ftags&post=5885"}],"curies":[{"name":"wp","href":"https:\/\/api.w.org\/{rel}","templated":true}]}}