{"id":5861,"date":"2018-03-10T19:05:24","date_gmt":"2018-03-10T18:05:24","guid":{"rendered":"http:\/\/ostrowska.tv\/?p=5861"},"modified":"2018-03-10T22:38:34","modified_gmt":"2018-03-10T21:38:34","slug":"wypadek-pociagu-z-cinquecento","status":"publish","type":"post","link":"https:\/\/ostrowskatv.pl\/?p=5861","title":{"rendered":"Wypadek poci\u0105gu z Cinquecento. Spieszy\u0142 si\u0119 na skoki narciarskie (aktualizacja 2)"},"content":{"rendered":"<p><strong>W sobot\u0119 o godzinie 18:30\u00a0 dosz\u0142o do wypadku samochodu osobowego z poci\u0105giem typu &#8222;Feniks&#8221;. Kierowca Fiata wyszed\u0142 z ca\u0142ego zdarzenia bez szwanku. Wydmucha\u0142 jednak 1,1 promila alkoholu.<\/strong><\/p>\n<p>Na niestrze\u017cony przejazd kolejowy w Oci\u0105\u017cu wjecha\u0142 Fiat Cinquecento. Jego kierowca, 60-letni m\u0119\u017cczyzna, jecha\u0142 z domu do pracy, gdzie chcia\u0142 kontynuowa\u0107 ogl\u0105danie transmisji ze skok\u00f3w narciarskich. Doje\u017cd\u017caj\u0105c gruntow\u0105, nier\u00f3wn\u0105 drog\u0105 do przejazdu kolejowego, zdaniem \u015bwiadka zdarzenia, jecha\u0142 do\u015b\u0107 szybko.<\/p>\n<p>Wje\u017cd\u017caj\u0105c na przejazd zorientowa\u0142 si\u0119, \u017ce od strony Kalisza zbli\u017ca si\u0119 poci\u0105g. Zatrzyma\u0142 si\u0119. Jednak prz\u00f3d Fiata Cinquecento za bardzo wystawa\u0142 na torowisko. Poci\u0105g osobowy tr\u0105ci\u0142 swoim zderzakiem auto. Silnik zosta\u0142 wyrwany i zdaniem \u015bwiadka przez chwil\u0119 pojawi\u0142y si\u0119 p\u0142omienie. Dlatego u\u017cyto ga\u015bnicy na to co pozosta\u0142o z komory silnika.<\/p>\n<p>Kierowca opu\u015bci\u0142 pojazd o w\u0142asnych si\u0142ach. Okaza\u0142o si\u0119, \u017ce jest lekko poturbowany. Nie trzeba mie\u0107 wielkiej wyobra\u017ani, by domy\u015bli\u0107 si\u0119 co by si\u0119 sta\u0142o, gdyby wjecha\u0142 niewiele dalej na przejazd.<\/p>\n<p>Ciekawostk\u0105 jest ograniczenie w ruchu drogowym na tym przeje\u017adzie. Od pewnego czasu stoi tam znak zakazuj\u0105cy ruchu poza mieszka\u0144cami jednej, pobliskiej posesji.<\/p>\n<p>Pasa\u017cerowie z poci\u0105gu regionalnego przesiedli si\u0119 do kolejnego Intercity jad\u0105cego r\u00f3wnie\u017c do Wroc\u0142awia.<\/p>\n<div id='gallery-1' class='gallery galleryid-5861 gallery-columns-3 gallery-size-thumbnail'><figure class='gallery-item'>\n\t\t\t<div class='gallery-icon landscape'>\n\t\t\t\t<a href='https:\/\/ostrowskatv.pl\/?attachment_id=5881'><img loading=\"lazy\" decoding=\"async\" width=\"150\" height=\"150\" src=\"https:\/\/ostrowskatv.pl\/wp-content\/uploads\/2018\/03\/20180310_185956-150x150.jpg\" class=\"attachment-thumbnail size-thumbnail\" alt=\"\" \/><\/a>\n\t\t\t<\/div><\/figure><figure class='gallery-item'>\n\t\t\t<div class='gallery-icon landscape'>\n\t\t\t\t<a href='https:\/\/ostrowskatv.pl\/?attachment_id=5880'><img loading=\"lazy\" decoding=\"async\" width=\"150\" height=\"150\" src=\"https:\/\/ostrowskatv.pl\/wp-content\/uploads\/2018\/03\/20180310_191001-150x150.jpg\" class=\"attachment-thumbnail size-thumbnail\" alt=\"\" \/><\/a>\n\t\t\t<\/div><\/figure><figure class='gallery-item'>\n\t\t\t<div class='gallery-icon landscape'>\n\t\t\t\t<a href='https:\/\/ostrowskatv.pl\/?attachment_id=5879'><img loading=\"lazy\" decoding=\"async\" width=\"150\" height=\"150\" src=\"https:\/\/ostrowskatv.pl\/wp-content\/uploads\/2018\/03\/20180310_185601-150x150.jpg\" class=\"attachment-thumbnail size-thumbnail\" alt=\"\" \/><\/a>\n\t\t\t<\/div><\/figure><figure class='gallery-item'>\n\t\t\t<div class='gallery-icon landscape'>\n\t\t\t\t<a href='https:\/\/ostrowskatv.pl\/?attachment_id=5878'><img loading=\"lazy\" decoding=\"async\" width=\"150\" height=\"150\" src=\"https:\/\/ostrowskatv.pl\/wp-content\/uploads\/2018\/03\/20180310_185539-150x150.jpg\" class=\"attachment-thumbnail size-thumbnail\" alt=\"\" \/><\/a>\n\t\t\t<\/div><\/figure><figure class='gallery-item'>\n\t\t\t<div class='gallery-icon landscape'>\n\t\t\t\t<a href='https:\/\/ostrowskatv.pl\/?attachment_id=5877'><img loading=\"lazy\" decoding=\"async\" width=\"150\" height=\"150\" src=\"https:\/\/ostrowskatv.pl\/wp-content\/uploads\/2018\/03\/20180310_191621-150x150.jpg\" class=\"attachment-thumbnail size-thumbnail\" alt=\"\" \/><\/a>\n\t\t\t<\/div><\/figure><figure class='gallery-item'>\n\t\t\t<div class='gallery-icon landscape'>\n\t\t\t\t<a href='https:\/\/ostrowskatv.pl\/?attachment_id=5876'><img loading=\"lazy\" decoding=\"async\" width=\"150\" height=\"150\" src=\"https:\/\/ostrowskatv.pl\/wp-content\/uploads\/2018\/03\/20180310_185918-150x150.jpg\" class=\"attachment-thumbnail size-thumbnail\" alt=\"\" \/><\/a>\n\t\t\t<\/div><\/figure><figure class='gallery-item'>\n\t\t\t<div class='gallery-icon landscape'>\n\t\t\t\t<a href='https:\/\/ostrowskatv.pl\/?attachment_id=5875'><img loading=\"lazy\" decoding=\"async\" width=\"150\" height=\"150\" src=\"https:\/\/ostrowskatv.pl\/wp-content\/uploads\/2018\/03\/wodka_fiat-150x150.jpg\" class=\"attachment-thumbnail size-thumbnail\" alt=\"\" \/><\/a>\n\t\t\t<\/div><\/figure>\n\t\t<\/div>\n\n<p>&nbsp;<\/p>\n","protected":false},"excerpt":{"rendered":"W sobot\u0119 o godzinie 18:30\u00a0 dosz\u0142o do wypadku samochodu osobowego z poci\u0105giem typu &#8222;Feniks&#8221;. Kierowca Fiata wyszed\u0142 z ca\u0142ego zdarzenia bez szwanku. Wydmucha\u0142 \n<a class=\"moretag\" href=\"https:\/\/ostrowskatv.pl\/?p=5861\"> [...]<\/a>","protected":false},"author":1,"featured_media":5881,"comment_status":"open","ping_status":"open","sticky":false,"template":"","format":"standard","meta":{"footnotes":""},"categories":[1],"tags":[59],"class_list":["post-5861","post","type-post","status-publish","format-standard","has-post-thumbnail","hentry","category-news","tag-ociaz"],"_links":{"self":[{"href":"https:\/\/ostrowskatv.pl\/index.php?rest_route=\/wp\/v2\/posts\/5861","targetHints":{"allow":["GET"]}}],"collection":[{"href":"https:\/\/ostrowskatv.pl\/index.php?rest_route=\/wp\/v2\/posts"}],"about":[{"href":"https:\/\/ostrowskatv.pl\/index.php?rest_route=\/wp\/v2\/types\/post"}],"author":[{"embeddable":true,"href":"https:\/\/ostrowskatv.pl\/index.php?rest_route=\/wp\/v2\/users\/1"}],"replies":[{"embeddable":true,"href":"https:\/\/ostrowskatv.pl\/index.php?rest_route=%2Fwp%2Fv2%2Fcomments&post=5861"}],"version-history":[{"count":0,"href":"https:\/\/ostrowskatv.pl\/index.php?rest_route=\/wp\/v2\/posts\/5861\/revisions"}],"wp:featuredmedia":[{"embeddable":true,"href":"https:\/\/ostrowskatv.pl\/index.php?rest_route=\/wp\/v2\/media\/5881"}],"wp:attachment":[{"href":"https:\/\/ostrowskatv.pl\/index.php?rest_route=%2Fwp%2Fv2%2Fmedia&parent=5861"}],"wp:term":[{"taxonomy":"category","embeddable":true,"href":"https:\/\/ostrowskatv.pl\/index.php?rest_route=%2Fwp%2Fv2%2Fcategories&post=5861"},{"taxonomy":"post_tag","embeddable":true,"href":"https:\/\/ostrowskatv.pl\/index.php?rest_route=%2Fwp%2Fv2%2Ftags&post=5861"}],"curies":[{"name":"wp","href":"https:\/\/api.w.org\/{rel}","templated":true}]}}