{"id":585,"date":"2016-03-16T16:38:10","date_gmt":"2016-03-16T15:38:10","guid":{"rendered":"http:\/\/ostrowska.tv\/?p=585"},"modified":"2016-03-16T16:38:10","modified_gmt":"2016-03-16T15:38:10","slug":"czolowka-w-gorznie-sprawca-mial-3-promile","status":"publish","type":"post","link":"https:\/\/ostrowskatv.pl\/?p=585","title":{"rendered":"Czo\u0142\u00f3wka w G\u00f3rznie. Sprawca mia\u0142 3 promile"},"content":{"rendered":"<p><strong>26-latek skrajnie nieodpowiedzialnie wsiad\u0142 do osobowego Mercedesa i ruszy\u0142 w drog\u0119. Wyjecha\u0142 na drog\u0119 krajow\u0105 nr 11, gdzie w G\u00f3rznie na wysoko\u015bci stacji paliw zjecha\u0142 nagle na przeciwny pas ruchu i doprowadzi\u0142 do zderzenia z ci\u0119\u017carowym Mercedesem. Si\u0142a uderzenia by\u0142a wielka. Prz\u00f3d solidnego Mercedesa wyra\u017anie si\u0119 skr\u00f3ci\u0142. Kierowc\u0119 osob\u00f3wki zabrano do szpitala. Natomiast poszkodowanego z ci\u0119\u017car\u00f3wki wr\u00f3ci\u0142 do domu po zako\u0144czonych czynno\u015bciach. Dzi\u015b okaza\u0142o si\u0119, \u017ce ma stan zapalny stawu kolanowego w wyniku czego \u015bci\u0105gany by\u0142 mu p\u0142yn z okolic rzepki.<\/strong><\/p>\n<p>Na szcz\u0119\u015bcie kierowca osob\u00f3wki uderzy\u0142 w solidny samoch\u00f3d ci\u0119\u017carowy, a nie w ma\u0142\u0105 osob\u00f3wk\u0119. W\u00f3wczas niewinni ludzie mogliby nawet zgin\u0105\u0107. 26-latek jest mieszka\u0144cem powiatu ostrowskiego. Pobrano od niego krew do szczeg\u00f3\u0142owych bada\u0144. Ju\u017c teraz wiadomo, \u017ce mia\u0142 3 promile alkoholu.<\/p>\n<div id='gallery-1' class='gallery galleryid-585 gallery-columns-3 gallery-size-thumbnail'><figure class='gallery-item'>\n\t\t\t<div class='gallery-icon landscape'>\n\t\t\t\t<a href='https:\/\/ostrowskatv.pl\/?attachment_id=587'><img loading=\"lazy\" decoding=\"async\" width=\"150\" height=\"150\" src=\"https:\/\/ostrowskatv.pl\/wp-content\/uploads\/2016\/03\/IMG_9617-150x150.jpg\" class=\"attachment-thumbnail size-thumbnail\" alt=\"\" \/><\/a>\n\t\t\t<\/div><\/figure><figure class='gallery-item'>\n\t\t\t<div class='gallery-icon landscape'>\n\t\t\t\t<a href='https:\/\/ostrowskatv.pl\/?attachment_id=588'><img loading=\"lazy\" decoding=\"async\" width=\"150\" height=\"150\" src=\"https:\/\/ostrowskatv.pl\/wp-content\/uploads\/2016\/03\/IMG_9619-150x150.jpg\" class=\"attachment-thumbnail size-thumbnail\" alt=\"\" \/><\/a>\n\t\t\t<\/div><\/figure><figure class='gallery-item'>\n\t\t\t<div class='gallery-icon landscape'>\n\t\t\t\t<a href='https:\/\/ostrowskatv.pl\/?attachment_id=589'><img loading=\"lazy\" decoding=\"async\" width=\"150\" height=\"150\" src=\"https:\/\/ostrowskatv.pl\/wp-content\/uploads\/2016\/03\/IMG_9620-150x150.jpg\" class=\"attachment-thumbnail size-thumbnail\" alt=\"\" \/><\/a>\n\t\t\t<\/div><\/figure><figure class='gallery-item'>\n\t\t\t<div class='gallery-icon landscape'>\n\t\t\t\t<a href='https:\/\/ostrowskatv.pl\/?attachment_id=590'><img loading=\"lazy\" decoding=\"async\" width=\"150\" height=\"150\" src=\"https:\/\/ostrowskatv.pl\/wp-content\/uploads\/2016\/03\/IMG_9622-150x150.jpg\" class=\"attachment-thumbnail size-thumbnail\" alt=\"\" \/><\/a>\n\t\t\t<\/div><\/figure><figure class='gallery-item'>\n\t\t\t<div class='gallery-icon landscape'>\n\t\t\t\t<a href='https:\/\/ostrowskatv.pl\/?attachment_id=586'><img loading=\"lazy\" decoding=\"async\" width=\"150\" height=\"150\" src=\"https:\/\/ostrowskatv.pl\/wp-content\/uploads\/2016\/03\/IMG_9616-150x150.jpg\" class=\"attachment-thumbnail size-thumbnail\" alt=\"\" \/><\/a>\n\t\t\t<\/div><\/figure>\n\t\t<\/div>\n\n<p>&nbsp;<\/p>\n","protected":false},"excerpt":{"rendered":"26-latek skrajnie nieodpowiedzialnie wsiad\u0142 do osobowego Mercedesa i ruszy\u0142 w drog\u0119. Wyjecha\u0142 na drog\u0119 krajow\u0105 nr 11, gdzie w G\u00f3rznie na wysoko\u015bci stacji \n<a class=\"moretag\" href=\"https:\/\/ostrowskatv.pl\/?p=585\"> [...]<\/a>","protected":false},"author":1,"featured_media":586,"comment_status":"open","ping_status":"open","sticky":false,"template":"","format":"standard","meta":{"footnotes":""},"categories":[1],"tags":[11],"class_list":["post-585","post","type-post","status-publish","format-standard","has-post-thumbnail","hentry","category-news","tag-wypadek"],"_links":{"self":[{"href":"https:\/\/ostrowskatv.pl\/index.php?rest_route=\/wp\/v2\/posts\/585","targetHints":{"allow":["GET"]}}],"collection":[{"href":"https:\/\/ostrowskatv.pl\/index.php?rest_route=\/wp\/v2\/posts"}],"about":[{"href":"https:\/\/ostrowskatv.pl\/index.php?rest_route=\/wp\/v2\/types\/post"}],"author":[{"embeddable":true,"href":"https:\/\/ostrowskatv.pl\/index.php?rest_route=\/wp\/v2\/users\/1"}],"replies":[{"embeddable":true,"href":"https:\/\/ostrowskatv.pl\/index.php?rest_route=%2Fwp%2Fv2%2Fcomments&post=585"}],"version-history":[{"count":0,"href":"https:\/\/ostrowskatv.pl\/index.php?rest_route=\/wp\/v2\/posts\/585\/revisions"}],"wp:featuredmedia":[{"embeddable":true,"href":"https:\/\/ostrowskatv.pl\/index.php?rest_route=\/wp\/v2\/media\/586"}],"wp:attachment":[{"href":"https:\/\/ostrowskatv.pl\/index.php?rest_route=%2Fwp%2Fv2%2Fmedia&parent=585"}],"wp:term":[{"taxonomy":"category","embeddable":true,"href":"https:\/\/ostrowskatv.pl\/index.php?rest_route=%2Fwp%2Fv2%2Fcategories&post=585"},{"taxonomy":"post_tag","embeddable":true,"href":"https:\/\/ostrowskatv.pl\/index.php?rest_route=%2Fwp%2Fv2%2Ftags&post=585"}],"curies":[{"name":"wp","href":"https:\/\/api.w.org\/{rel}","templated":true}]}}