{"id":5822,"date":"2018-03-07T10:54:40","date_gmt":"2018-03-07T09:54:40","guid":{"rendered":"http:\/\/ostrowska.tv\/?p=5822"},"modified":"2018-03-07T10:54:40","modified_gmt":"2018-03-07T09:54:40","slug":"wycieto-wielkie-drzewo-grozila-kara-350-tys-zl","status":"publish","type":"post","link":"https:\/\/ostrowskatv.pl\/?p=5822","title":{"rendered":"Wyci\u0119to wielkie drzewo. Grozi\u0142a kara 350 tys. z\u0142"},"content":{"rendered":"<p><strong>Pod koniec lutego br. wyci\u0119to drzewo rosn\u0105ce pomi\u0119dzy dotychczasowym dworcem PKS, a powstaj\u0105cym centrum przesiadkowym. Zdaniem niekt\u00f3rych m\u00f3g\u0142 to by\u0107 jesion, a zdaniem pracownic z referatu Ochrony \u015arodowiska Starostwa Powiatowego mo\u017cemy m\u00f3wi\u0107 najprawdopodobniej o jakim\u015b obcym gatunku topoli. Drzewo mia\u0142o oko\u0142o 3-3,5 metra w obwodzie.<\/strong><\/p>\n<p>Je\u017celi okaza\u0142oby si\u0119, \u017ce drzewo zosta\u0142o \u015bci\u0119te bez zgody, sprawca czynu musia\u0142by zap\u0142aci\u0107 kar\u0119 wynosz\u0105c\u0105 ok. 350 tys. z\u0142.<\/p>\n<p>Drzewo mog\u0142o mie\u0107 sko\u0144czone 100 lat. Mia\u0142o zdrowy pie\u0144. Jednak urz\u0119dnicy nie mieli informacji o tym by to drzewo mia\u0142o status pomnika przyrody. Tym mog\u0142oby zosta\u0107, spe\u0142niaj\u0105c nast\u0119puj\u0105c\u0105 definicj\u0119:<\/p>\n<p><em>&#8222;wyr\u00f3\u017cnianie si\u0119 w\u015br\u00f3d innych drzew tego samego rodzaju lub gatunku w skali kraju, wojew\u00f3dztwa lub gminy, ze wzgl\u0119du na obw\u00f3d pnia, wysoko\u015b\u0107, szeroko\u015b\u0107 korony, wiek, wyst\u0119powanie w skupiskach, w tym w alejach lub szpalerach, pokr\u00f3j lub inne cechy morfologiczne, a tak\u017ce inne wyj\u0105tkowe walory przyrodnicze, naukowe, kulturowe, historyczne lub krajobrazowe&#8221;.<\/em><\/p>\n<p>Powodem wyci\u0119cia drzewa by\u0142a decyzja wydana w sierpniu 2016 r. przez starostwo powiatowe. By\u0142a ona podyktowana zamiarem poprowadzenia drogi ze \u015bcie\u017ck\u0105 rowerow\u0105 pomi\u0119dzy ulic\u0105 Dworcow\u0105, a Wojska Polskiego. Przy takich decyzjach nie stosuje si\u0119 ustawy o ochronie przyrody.<\/p>\n<div id='gallery-1' class='gallery galleryid-5822 gallery-columns-3 gallery-size-thumbnail'><figure class='gallery-item'>\n\t\t\t<div class='gallery-icon landscape'>\n\t\t\t\t<a href='https:\/\/ostrowskatv.pl\/?attachment_id=5831'><img loading=\"lazy\" decoding=\"async\" width=\"150\" height=\"150\" src=\"https:\/\/ostrowskatv.pl\/wp-content\/uploads\/2018\/03\/drzewo_centrum_przesiadkowe1-150x150.jpg\" class=\"attachment-thumbnail size-thumbnail\" alt=\"\" \/><\/a>\n\t\t\t<\/div><\/figure><figure class='gallery-item'>\n\t\t\t<div class='gallery-icon landscape'>\n\t\t\t\t<a href='https:\/\/ostrowskatv.pl\/?attachment_id=5832'><img loading=\"lazy\" decoding=\"async\" width=\"150\" height=\"150\" src=\"https:\/\/ostrowskatv.pl\/wp-content\/uploads\/2018\/03\/drzewo_centrum_przesiadkowe2-150x150.jpg\" class=\"attachment-thumbnail size-thumbnail\" alt=\"\" \/><\/a>\n\t\t\t<\/div><\/figure><figure class='gallery-item'>\n\t\t\t<div class='gallery-icon landscape'>\n\t\t\t\t<a href='https:\/\/ostrowskatv.pl\/?attachment_id=5833'><img loading=\"lazy\" decoding=\"async\" width=\"150\" height=\"150\" src=\"https:\/\/ostrowskatv.pl\/wp-content\/uploads\/2018\/03\/drzewo_centrum_przesiadkowe3-150x150.jpg\" class=\"attachment-thumbnail size-thumbnail\" alt=\"\" \/><\/a>\n\t\t\t<\/div><\/figure><figure class='gallery-item'>\n\t\t\t<div class='gallery-icon landscape'>\n\t\t\t\t<a href='https:\/\/ostrowskatv.pl\/?attachment_id=5834'><img loading=\"lazy\" decoding=\"async\" width=\"150\" height=\"150\" src=\"https:\/\/ostrowskatv.pl\/wp-content\/uploads\/2018\/03\/drzewo_centrum_przesiadkowe4-150x150.jpg\" class=\"attachment-thumbnail size-thumbnail\" alt=\"\" \/><\/a>\n\t\t\t<\/div><\/figure><figure class='gallery-item'>\n\t\t\t<div class='gallery-icon landscape'>\n\t\t\t\t<a href='https:\/\/ostrowskatv.pl\/?attachment_id=5835'><img loading=\"lazy\" decoding=\"async\" width=\"150\" height=\"150\" src=\"https:\/\/ostrowskatv.pl\/wp-content\/uploads\/2018\/03\/drzewo_centrum_przesiadkowe5-150x150.jpg\" class=\"attachment-thumbnail size-thumbnail\" alt=\"\" \/><\/a>\n\t\t\t<\/div><\/figure><figure class='gallery-item'>\n\t\t\t<div class='gallery-icon landscape'>\n\t\t\t\t<a href='https:\/\/ostrowskatv.pl\/?attachment_id=5836'><img loading=\"lazy\" decoding=\"async\" width=\"150\" height=\"150\" src=\"https:\/\/ostrowskatv.pl\/wp-content\/uploads\/2018\/03\/drzewo_centrum_przesiadkowe6-150x150.jpg\" class=\"attachment-thumbnail size-thumbnail\" alt=\"\" \/><\/a>\n\t\t\t<\/div><\/figure><figure class='gallery-item'>\n\t\t\t<div class='gallery-icon portrait'>\n\t\t\t\t<a href='https:\/\/ostrowskatv.pl\/?attachment_id=5837'><img loading=\"lazy\" decoding=\"async\" width=\"150\" height=\"150\" src=\"https:\/\/ostrowskatv.pl\/wp-content\/uploads\/2018\/03\/drzewo_centrum_przesiadkowe7-150x150.jpg\" class=\"attachment-thumbnail size-thumbnail\" alt=\"\" \/><\/a>\n\t\t\t<\/div><\/figure><figure class='gallery-item'>\n\t\t\t<div class='gallery-icon landscape'>\n\t\t\t\t<a href='https:\/\/ostrowskatv.pl\/?attachment_id=5838'><img loading=\"lazy\" decoding=\"async\" width=\"150\" height=\"150\" src=\"https:\/\/ostrowskatv.pl\/wp-content\/uploads\/2018\/03\/drzewo_centrum_przesiadkowe8-150x150.jpg\" class=\"attachment-thumbnail size-thumbnail\" alt=\"\" \/><\/a>\n\t\t\t<\/div><\/figure>\n\t\t<\/div>\n\n","protected":false},"excerpt":{"rendered":"Pod koniec lutego br. wyci\u0119to drzewo rosn\u0105ce pomi\u0119dzy dotychczasowym dworcem PKS, a powstaj\u0105cym centrum przesiadkowym. Zdaniem niekt\u00f3rych m\u00f3g\u0142 to by\u0107 jesion, a zdaniem \n<a class=\"moretag\" href=\"https:\/\/ostrowskatv.pl\/?p=5822\"> [...]<\/a>","protected":false},"author":1,"featured_media":5832,"comment_status":"open","ping_status":"open","sticky":false,"template":"","format":"standard","meta":{"footnotes":""},"categories":[1],"tags":[2],"class_list":["post-5822","post","type-post","status-publish","format-standard","has-post-thumbnail","hentry","category-news","tag-ostrow-wielkopolski"],"_links":{"self":[{"href":"https:\/\/ostrowskatv.pl\/index.php?rest_route=\/wp\/v2\/posts\/5822","targetHints":{"allow":["GET"]}}],"collection":[{"href":"https:\/\/ostrowskatv.pl\/index.php?rest_route=\/wp\/v2\/posts"}],"about":[{"href":"https:\/\/ostrowskatv.pl\/index.php?rest_route=\/wp\/v2\/types\/post"}],"author":[{"embeddable":true,"href":"https:\/\/ostrowskatv.pl\/index.php?rest_route=\/wp\/v2\/users\/1"}],"replies":[{"embeddable":true,"href":"https:\/\/ostrowskatv.pl\/index.php?rest_route=%2Fwp%2Fv2%2Fcomments&post=5822"}],"version-history":[{"count":0,"href":"https:\/\/ostrowskatv.pl\/index.php?rest_route=\/wp\/v2\/posts\/5822\/revisions"}],"wp:featuredmedia":[{"embeddable":true,"href":"https:\/\/ostrowskatv.pl\/index.php?rest_route=\/wp\/v2\/media\/5832"}],"wp:attachment":[{"href":"https:\/\/ostrowskatv.pl\/index.php?rest_route=%2Fwp%2Fv2%2Fmedia&parent=5822"}],"wp:term":[{"taxonomy":"category","embeddable":true,"href":"https:\/\/ostrowskatv.pl\/index.php?rest_route=%2Fwp%2Fv2%2Fcategories&post=5822"},{"taxonomy":"post_tag","embeddable":true,"href":"https:\/\/ostrowskatv.pl\/index.php?rest_route=%2Fwp%2Fv2%2Ftags&post=5822"}],"curies":[{"name":"wp","href":"https:\/\/api.w.org\/{rel}","templated":true}]}}