{"id":582,"date":"2016-03-16T14:26:50","date_gmt":"2016-03-16T13:26:50","guid":{"rendered":"http:\/\/ostrowska.tv\/?p=582"},"modified":"2016-03-16T14:26:50","modified_gmt":"2016-03-16T13:26:50","slug":"wojt-na-zakupach-kupil-budynek-mdk","status":"publish","type":"post","link":"https:\/\/ostrowskatv.pl\/?p=582","title":{"rendered":"W\u00f3jt na zakupach. Kupi\u0142 budynek MDK"},"content":{"rendered":"<p><strong>W\u00f3jt Gminy Ostr\u00f3w Wlkp. Piotr Kuroszczyk dokona\u0142 w ostatnich dniach dw\u00f3ch inwestycji. Jedna z nich opiewa na kwot\u0119 600 tysi\u0119cy z\u0142otych. Za tak\u0105 sum\u0119 zosta\u0142 kupiony budynek MDK-u. Poza tym, gmina sta\u0142a si\u0119 w\u0142a\u015bcicielem \u015bwietlicy wraz z dzia\u0142k\u0105 w Micha\u0142kowie.<\/strong><\/p>\n<blockquote><p>&#8211; Byli\u015bmy na przed\u015bwi\u0105tecznych zakupach i uwa\u017cam je za udane. Ciesz\u0119 si\u0119, ale jednocze\u015bnie martwi\u0119. Zdaj\u0119 sobie spraw\u0119, \u017ce w przypadku obu zakupionych przez nas obiekt\u00f3w b\u0119d\u0105 potrzebne kolejne inwestycje, \u017ceby doprowadzi\u0107 je do odpowiedniego stanu \u2013 t\u0142umaczy Piotr Kuroszczyk, W\u00f3jt gminy Ostr\u00f3w Wielkopolski.<\/p><\/blockquote>\n<p>Rada Powiatu posz\u0142a gminie na r\u0119k\u0119 i zgodzi\u0142a si\u0119 na upust. Budynek MDK-u zosta\u0142 kupiony za kwot\u0119 600 tysi\u0119cy z\u0142otych. Po\u0142owa tej sumy zosta\u0142a ju\u017c zap\u0142acona. Termin p\u0142atno\u015bci drugiej raty to 31 marca 2017 roku.<em>&#8211; Nie by\u0142bym sob\u0105, gdybym nie sprawdzi\u0142 cen budynk\u00f3w o podobnej kubaturze w centrum Ostrowa. Wszystko wchodzi\u0142o w miliony<\/em> \u2013 przekonuje w\u00f3jt. W przypadku \u015bwietlicy w Micha\u0142kowie odby\u0142 si\u0119 przetarg. Dzia\u0142ka z obiektem zosta\u0142a zakupiona za 50 500 z\u0142.<\/p>\n<p>Gmina cieszy si\u0119 przede wszystkim z pozyskania budynku po MDK-u, kt\u00f3re ma rozwi\u0105za\u0107 wiele problem\u00f3w lokalowych.<\/p>\n<blockquote><p>&#8211; Ten temat nie budzi\u0142 \u017cadnych w\u0105tpliwo\u015bci w Radzie Gminy. Uchwa\u0142y zosta\u0142y podj\u0119te jednog\u0142o\u015bnie. Warunki lokalowe w Urz\u0119dzie Gminy s\u0105 dosy\u0107 trudne. Poza tym, niekt\u00f3re pomieszczenia dzier\u017cawimy od starostwa. Zyskali\u015bmy budynek w bardzo korzystnej lokalizacji. Od pocz\u0105tku wiedzieli\u015bmy, \u017ce taka okazja mo\u017ce si\u0119 nie powt\u00f3rzy\u0107. To nag\u0142y wydatek, kt\u00f3ry spowoduje konieczno\u015b\u0107 zaci\u015bni\u0119cia pasa czy od\u0142o\u017cenia w czasie niekt\u00f3rych inwestycji, ale nie by\u0142o w\u0105tpliwo\u015bci, \u017ce nale\u017cy si\u0119 na niego zdecydowa\u0107 \u2013 wyja\u015bnia Piotr \u015aniegowski, przewodnicz\u0105cy Rady Gminy.<\/p><\/blockquote>\n<p>Na parterze dawnego MDK-u swoje zadania ma wykonywa\u0107 Gminny O\u015brodek Pomocy Spo\u0142ecznej. W\u00f3jt ma ju\u017c konkretne plany zwi\u0105zane z przystosowaniem tego obiektu.<\/p>\n<blockquote><p>&#8211; Zwr\u00f3cili\u015bmy si\u0119 do miejskiego konserwatora zabytk\u00f3w o opini\u0119 w sprawie modernizacji. Poprosili\u015bmy tak\u017ce pani\u0105 prezydent o wpisanie budynku do Planu Gospodarki Niskoemisyjnej. Aplikujemy o \u015brodki zwi\u0105zane z termomodernizacj\u0105. Bardzo chcemy na ten cel dosta\u0107 dofinansowanie \u2013 wyja\u015bnia Piotr Kuroszczyk.<\/p>\n<p>&#8211; Nasze g\u0142\u00f3wne prace w tym roku b\u0119d\u0105 nakierowane na uruchomienie parteru budynku dla potrzeb Gminnego O\u015brodka Pomocy Spo\u0142ecznej. Na parterze jest oko\u0142o 270 metr\u00f3w kwadratowych. W tej chwili trwa nakre\u015blanie potrzeb i dzielenie pomieszcze\u0144 \u2013 dodaje W\u00f3jt.<\/p><\/blockquote>\n<p><strong>Jak oceniaj\u0105 Pa\u0144stwo zakupy W\u00f3jta? Zach\u0119camy do dyskusji w komentarzach.<\/strong><\/p>\n","protected":false},"excerpt":{"rendered":"W\u00f3jt Gminy Ostr\u00f3w Wlkp. Piotr Kuroszczyk dokona\u0142 w ostatnich dniach dw\u00f3ch inwestycji. Jedna z nich opiewa na kwot\u0119 600 tysi\u0119cy z\u0142otych. Za tak\u0105 \n<a class=\"moretag\" href=\"https:\/\/ostrowskatv.pl\/?p=582\"> [...]<\/a>","protected":false},"author":1,"featured_media":583,"comment_status":"open","ping_status":"open","sticky":false,"template":"","format":"standard","meta":{"footnotes":""},"categories":[1],"tags":[2],"class_list":["post-582","post","type-post","status-publish","format-standard","has-post-thumbnail","hentry","category-news","tag-ostrow-wielkopolski"],"_links":{"self":[{"href":"https:\/\/ostrowskatv.pl\/index.php?rest_route=\/wp\/v2\/posts\/582","targetHints":{"allow":["GET"]}}],"collection":[{"href":"https:\/\/ostrowskatv.pl\/index.php?rest_route=\/wp\/v2\/posts"}],"about":[{"href":"https:\/\/ostrowskatv.pl\/index.php?rest_route=\/wp\/v2\/types\/post"}],"author":[{"embeddable":true,"href":"https:\/\/ostrowskatv.pl\/index.php?rest_route=\/wp\/v2\/users\/1"}],"replies":[{"embeddable":true,"href":"https:\/\/ostrowskatv.pl\/index.php?rest_route=%2Fwp%2Fv2%2Fcomments&post=582"}],"version-history":[{"count":0,"href":"https:\/\/ostrowskatv.pl\/index.php?rest_route=\/wp\/v2\/posts\/582\/revisions"}],"wp:featuredmedia":[{"embeddable":true,"href":"https:\/\/ostrowskatv.pl\/index.php?rest_route=\/wp\/v2\/media\/583"}],"wp:attachment":[{"href":"https:\/\/ostrowskatv.pl\/index.php?rest_route=%2Fwp%2Fv2%2Fmedia&parent=582"}],"wp:term":[{"taxonomy":"category","embeddable":true,"href":"https:\/\/ostrowskatv.pl\/index.php?rest_route=%2Fwp%2Fv2%2Fcategories&post=582"},{"taxonomy":"post_tag","embeddable":true,"href":"https:\/\/ostrowskatv.pl\/index.php?rest_route=%2Fwp%2Fv2%2Ftags&post=582"}],"curies":[{"name":"wp","href":"https:\/\/api.w.org\/{rel}","templated":true}]}}