{"id":5813,"date":"2018-03-05T22:21:42","date_gmt":"2018-03-05T21:21:42","guid":{"rendered":"http:\/\/ostrowska.tv\/?p=5813"},"modified":"2018-03-05T22:25:22","modified_gmt":"2018-03-05T21:25:22","slug":"pozar-kamienicy-na-placu-23-stycznia","status":"publish","type":"post","link":"https:\/\/ostrowskatv.pl\/?p=5813","title":{"rendered":"Po\u017car kamienicy na Placu 23 stycznia"},"content":{"rendered":"<p><strong>W poniedzia\u0142ek o godzinie 21:30 zauwa\u017cono po\u017car poddasza w kamienicy na Placu 23 stycznia w Ostrowie Wielkopolskim. P\u0142omienie wychodzi\u0142y na zewn\u0105trz budynku. Na szcz\u0119\u015bcie budynek nie by\u0142 zamieszkiwany. Pojawi\u0142a si\u0119 jednak obawa, \u017ce w \u015brodku mog\u0142y przebywa\u0107 osoby bezdomne.<\/strong><\/p>\n<p>Na miejsce zadysponowano dwa wozy ga\u015bnicze oraz podno\u015bnik z pa\u0144stwowej stra\u017cy po\u017carnej oraz jeden w\u00f3z OSP Ostr\u00f3w Wlkp. Skierowano tak\u017ce 3 patrole prewencji. Byli tak\u017ce obecni stra\u017cnicy miejscy. <\/p>\n<p>W \u015brodku nikt na szcz\u0119\u015bcie nie przebywa\u0142. Akcj\u0119 utrudnia\u0142y zamarzni\u0119te hydranty znajduj\u0105ce si\u0119 w ziemi.<\/p>\n<div id='gallery-1' class='gallery galleryid-5813 gallery-columns-3 gallery-size-thumbnail'><figure class='gallery-item'>\n\t\t\t<div class='gallery-icon landscape'>\n\t\t\t\t<a href='https:\/\/ostrowskatv.pl\/?attachment_id=5814'><img loading=\"lazy\" decoding=\"async\" width=\"150\" height=\"150\" src=\"https:\/\/ostrowskatv.pl\/wp-content\/uploads\/2018\/03\/pozar_plac_23_stycznia_5-150x150.jpg\" class=\"attachment-thumbnail size-thumbnail\" alt=\"\" \/><\/a>\n\t\t\t<\/div><\/figure><figure class='gallery-item'>\n\t\t\t<div class='gallery-icon landscape'>\n\t\t\t\t<a href='https:\/\/ostrowskatv.pl\/?attachment_id=5815'><img loading=\"lazy\" decoding=\"async\" width=\"150\" height=\"150\" src=\"https:\/\/ostrowskatv.pl\/wp-content\/uploads\/2018\/03\/pozar_plac_23_stycznia_4-150x150.jpg\" class=\"attachment-thumbnail size-thumbnail\" alt=\"\" \/><\/a>\n\t\t\t<\/div><\/figure><figure class='gallery-item'>\n\t\t\t<div class='gallery-icon landscape'>\n\t\t\t\t<a href='https:\/\/ostrowskatv.pl\/?attachment_id=5816'><img loading=\"lazy\" decoding=\"async\" width=\"150\" height=\"150\" src=\"https:\/\/ostrowskatv.pl\/wp-content\/uploads\/2018\/03\/pozar_plac_23_stycznia_3-150x150.jpg\" class=\"attachment-thumbnail size-thumbnail\" alt=\"\" \/><\/a>\n\t\t\t<\/div><\/figure>\n\t\t<\/div>\n\n<p><iframe loading=\"lazy\" src=\"https:\/\/www.google.com\/maps\/embed?pb=!4v1520285083505!6m8!1m7!1sAHf9aUkqrIV5k_awOiM1aQ!2m2!1d51.64987785304891!2d17.81393988095046!3f294.482032666712!4f-2.9402968404989736!5f1.7708335647666802\" width=\"600\" height=\"450\" frameborder=\"0\" style=\"border:0\" allowfullscreen><\/iframe><\/p>\n","protected":false},"excerpt":{"rendered":"W poniedzia\u0142ek o godzinie 21:30 zauwa\u017cono po\u017car poddasza w kamienicy na Placu 23 stycznia w Ostrowie Wielkopolskim. P\u0142omienie wychodzi\u0142y na zewn\u0105trz budynku. Na \n<a class=\"moretag\" href=\"https:\/\/ostrowskatv.pl\/?p=5813\"> [...]<\/a>","protected":false},"author":1,"featured_media":5816,"comment_status":"open","ping_status":"open","sticky":false,"template":"","format":"standard","meta":{"footnotes":""},"categories":[1],"tags":[2],"class_list":["post-5813","post","type-post","status-publish","format-standard","has-post-thumbnail","hentry","category-news","tag-ostrow-wielkopolski"],"_links":{"self":[{"href":"https:\/\/ostrowskatv.pl\/index.php?rest_route=\/wp\/v2\/posts\/5813","targetHints":{"allow":["GET"]}}],"collection":[{"href":"https:\/\/ostrowskatv.pl\/index.php?rest_route=\/wp\/v2\/posts"}],"about":[{"href":"https:\/\/ostrowskatv.pl\/index.php?rest_route=\/wp\/v2\/types\/post"}],"author":[{"embeddable":true,"href":"https:\/\/ostrowskatv.pl\/index.php?rest_route=\/wp\/v2\/users\/1"}],"replies":[{"embeddable":true,"href":"https:\/\/ostrowskatv.pl\/index.php?rest_route=%2Fwp%2Fv2%2Fcomments&post=5813"}],"version-history":[{"count":0,"href":"https:\/\/ostrowskatv.pl\/index.php?rest_route=\/wp\/v2\/posts\/5813\/revisions"}],"wp:featuredmedia":[{"embeddable":true,"href":"https:\/\/ostrowskatv.pl\/index.php?rest_route=\/wp\/v2\/media\/5816"}],"wp:attachment":[{"href":"https:\/\/ostrowskatv.pl\/index.php?rest_route=%2Fwp%2Fv2%2Fmedia&parent=5813"}],"wp:term":[{"taxonomy":"category","embeddable":true,"href":"https:\/\/ostrowskatv.pl\/index.php?rest_route=%2Fwp%2Fv2%2Fcategories&post=5813"},{"taxonomy":"post_tag","embeddable":true,"href":"https:\/\/ostrowskatv.pl\/index.php?rest_route=%2Fwp%2Fv2%2Ftags&post=5813"}],"curies":[{"name":"wp","href":"https:\/\/api.w.org\/{rel}","templated":true}]}}