{"id":576,"date":"2016-03-15T13:41:45","date_gmt":"2016-03-15T12:41:45","guid":{"rendered":"http:\/\/ostrowska.tv\/?p=576"},"modified":"2016-03-15T13:41:45","modified_gmt":"2016-03-15T12:41:45","slug":"niepokojace-dane-ostrow-sie-starzeje-i-wyludnia","status":"publish","type":"post","link":"https:\/\/ostrowskatv.pl\/?p=576","title":{"rendered":"Niepokoj\u0105ce dane. Ostr\u00f3w si\u0119 starzeje i wyludnia"},"content":{"rendered":"<p><strong>Z opracowanej niedawno Strategii Rozwi\u0105zywania Problem\u00f3w Spo\u0142ecznych na lata 2016 \u2013 2022 wynika, \u017ce Ostr\u00f3w Wielkopolski ma spory problem. Miasto si\u0119 starzeje i wyludnia.<\/strong><\/p>\n<p>Jednym z bardzo istotnych punkt\u00f3w wspomnianej strategii s\u0105 kwestie demograficzne. Na koniec 2014 roku w Ostrowie Wielkopolskim mieszka\u0142y 72.754 osoby. W latach 2012 \u2013 2014 liczba dzieci i m\u0142odzie\u017cy ulega\u0142a wahaniom. Co jednak bardziej martwi, z roku na rok zmniejsza\u0142a si\u0119 liczba mieszka\u0144c\u00f3w w wieku produkcyjnym (18-64 lat dla m\u0119\u017cczyzn i 18-59 dla kobiet). Przybywa\u0142o natomiast os\u00f3b starszych \u2013 m\u0119\u017cczyzn powy\u017cej 64 roku \u017cycia i kobiet powy\u017cej 59. Doskonale obrazuje to poni\u017csza tabela.<\/p>\n<p><img loading=\"lazy\" decoding=\"async\" class=\"alignnone size-full wp-image-577\" title=\"\" src=\"http:\/\/ostrowska.tv\/wp-content\/uploads\/2016\/03\/demografia1.jpg\" alt=\"demografia1\" width=\"638\" height=\"190\" srcset=\"https:\/\/ostrowskatv.pl\/wp-content\/uploads\/2016\/03\/demografia1.jpg 638w, https:\/\/ostrowskatv.pl\/wp-content\/uploads\/2016\/03\/demografia1-300x89.jpg 300w\" sizes=\"auto, (max-width: 638px) 100vw, 638px\" \/><\/p>\n<p>Ostr\u00f3w w ostatnich latach ma r\u00f3wnie\u017c stale ujemny przyrost naturalny, jednak liczba urodze\u0144 nie jest du\u017co mniejsza od liczby zgon\u00f3w.<\/p>\n<p><img loading=\"lazy\" decoding=\"async\" class=\"alignnone size-full wp-image-578\" src=\"http:\/\/ostrowska.tv\/wp-content\/uploads\/2016\/03\/demografia2.jpg\" alt=\"demografia2\" width=\"651\" height=\"153\" srcset=\"https:\/\/ostrowskatv.pl\/wp-content\/uploads\/2016\/03\/demografia2.jpg 651w, https:\/\/ostrowskatv.pl\/wp-content\/uploads\/2016\/03\/demografia2-300x71.jpg 300w, https:\/\/ostrowskatv.pl\/wp-content\/uploads\/2016\/03\/demografia2-640x150.jpg 640w\" sizes=\"auto, (max-width: 651px) 100vw, 651px\" \/><\/p>\n<p>Bardzo niepokoj\u0105ce s\u0105 przede wszystkim tendencje zwi\u0105zane z ruchem migracyjnym. W latach 2012 \u2013 2014 saldo migracji by\u0142o stale ujemne i niepokoj\u0105co ros\u0142o z roku na rok. Nowych zameldowa\u0144 w Ostrowie jest coraz mniej. Ro\u015bnie natomiast liczba wymeldowa\u0144 poza gmin\u0119.<\/p>\n<p><img loading=\"lazy\" decoding=\"async\" class=\"alignnone size-full wp-image-579\" src=\"http:\/\/ostrowska.tv\/wp-content\/uploads\/2016\/03\/demografia3.jpg\" alt=\"demografia3\" width=\"653\" height=\"240\" srcset=\"https:\/\/ostrowskatv.pl\/wp-content\/uploads\/2016\/03\/demografia3.jpg 653w, https:\/\/ostrowskatv.pl\/wp-content\/uploads\/2016\/03\/demografia3-300x110.jpg 300w, https:\/\/ostrowskatv.pl\/wp-content\/uploads\/2016\/03\/demografia3-640x235.jpg 640w\" sizes=\"auto, (max-width: 653px) 100vw, 653px\" \/><\/p>\n<p>Ca\u0142a analiza prowadzi do bardzo negatywnych wniosk\u00f3w. Ostr\u00f3w si\u0119 coraz bardziej starzeje i wyludnia. W populacji miasta widoczny jest malej\u0105cy udzia\u0142 os\u00f3b z produkcyjnej grupy wiekowej oraz systematyczny wzrost liczby os\u00f3b starszych. Nale\u017cy mie\u0107 na wzgl\u0119dzie, \u017ce coraz wi\u0119kszej grupie ludzi starszych trzeba b\u0119dzie udziela\u0107 pomocy materialnej i rzeczowej, u\u0142atwia\u0107 im korzystanie z us\u0142ug medycznych, opieku\u0144czych i rehabilitacyjnych oraz r\u00f3\u017cnorodnych form aktywnego sp\u0119dzania czasu wolnego. Co jest przyczyn\u0105 takiego stanu rzeczy i jak niekorzystn\u0105 tendencj\u0119 zamierzaj\u0105 odwr\u00f3ci\u0107 w\u0142adze miasta? Te pytania zadamy ju\u017c wkr\u00f3tce. Zach\u0119camy do dyskusji w komentarzach.<\/p>\n","protected":false},"excerpt":{"rendered":"Z opracowanej niedawno Strategii Rozwi\u0105zywania Problem\u00f3w Spo\u0142ecznych na lata 2016 \u2013 2022 wynika, \u017ce Ostr\u00f3w Wielkopolski ma spory problem. Miasto si\u0119 starzeje i \n<a class=\"moretag\" href=\"https:\/\/ostrowskatv.pl\/?p=576\"> [...]<\/a>","protected":false},"author":1,"featured_media":579,"comment_status":"open","ping_status":"open","sticky":false,"template":"","format":"standard","meta":{"footnotes":""},"categories":[1],"tags":[2],"class_list":["post-576","post","type-post","status-publish","format-standard","has-post-thumbnail","hentry","category-news","tag-ostrow-wielkopolski"],"_links":{"self":[{"href":"https:\/\/ostrowskatv.pl\/index.php?rest_route=\/wp\/v2\/posts\/576","targetHints":{"allow":["GET"]}}],"collection":[{"href":"https:\/\/ostrowskatv.pl\/index.php?rest_route=\/wp\/v2\/posts"}],"about":[{"href":"https:\/\/ostrowskatv.pl\/index.php?rest_route=\/wp\/v2\/types\/post"}],"author":[{"embeddable":true,"href":"https:\/\/ostrowskatv.pl\/index.php?rest_route=\/wp\/v2\/users\/1"}],"replies":[{"embeddable":true,"href":"https:\/\/ostrowskatv.pl\/index.php?rest_route=%2Fwp%2Fv2%2Fcomments&post=576"}],"version-history":[{"count":0,"href":"https:\/\/ostrowskatv.pl\/index.php?rest_route=\/wp\/v2\/posts\/576\/revisions"}],"wp:featuredmedia":[{"embeddable":true,"href":"https:\/\/ostrowskatv.pl\/index.php?rest_route=\/wp\/v2\/media\/579"}],"wp:attachment":[{"href":"https:\/\/ostrowskatv.pl\/index.php?rest_route=%2Fwp%2Fv2%2Fmedia&parent=576"}],"wp:term":[{"taxonomy":"category","embeddable":true,"href":"https:\/\/ostrowskatv.pl\/index.php?rest_route=%2Fwp%2Fv2%2Fcategories&post=576"},{"taxonomy":"post_tag","embeddable":true,"href":"https:\/\/ostrowskatv.pl\/index.php?rest_route=%2Fwp%2Fv2%2Ftags&post=576"}],"curies":[{"name":"wp","href":"https:\/\/api.w.org\/{rel}","templated":true}]}}