{"id":5735,"date":"2018-03-04T13:41:55","date_gmt":"2018-03-04T12:41:55","guid":{"rendered":"http:\/\/ostrowska.tv\/?p=5735"},"modified":"2018-03-04T13:41:55","modified_gmt":"2018-03-04T12:41:55","slug":"wypadek-ledochowskiego-strazacka","status":"publish","type":"post","link":"https:\/\/ostrowskatv.pl\/?p=5735","title":{"rendered":"Wypadek Led\u00f3chowskiego &#8211; Stra\u017cacka"},"content":{"rendered":"<p><strong>W niedziel\u0119 po godzinie 12:00 na skrzy\u017cowaniu ulic Led\u00f3chowskiego i Stra\u017cackiej dosz\u0142o do wypadku. Kierowca z Land Rovera nie ust\u0105pi\u0142 pierwsze\u0144stwa i uderzy\u0142 w BMW. Podr\u00f3\u017cowa\u0142a nim kobieta z dw\u00f3jk\u0105 dzieci.<\/strong><\/p>\n<p>Na miejsce wys\u0142ano stra\u017c po\u017carn\u0105, karetk\u0119 oraz policj\u0119. Po przebadaniu uczestnik\u00f3w, nikogo nie zabrano do szpitala.<\/p>\n<div id='gallery-1' class='gallery galleryid-5735 gallery-columns-3 gallery-size-thumbnail'><figure class='gallery-item'>\n\t\t\t<div class='gallery-icon landscape'>\n\t\t\t\t<a href='https:\/\/ostrowskatv.pl\/?attachment_id=5733'><img loading=\"lazy\" decoding=\"async\" width=\"150\" height=\"150\" src=\"https:\/\/ostrowskatv.pl\/wp-content\/uploads\/2018\/03\/Ledochow2-150x150.jpg\" class=\"attachment-thumbnail size-thumbnail\" alt=\"\" \/><\/a>\n\t\t\t<\/div><\/figure><figure class='gallery-item'>\n\t\t\t<div class='gallery-icon landscape'>\n\t\t\t\t<a href='https:\/\/ostrowskatv.pl\/?attachment_id=5732'><img loading=\"lazy\" decoding=\"async\" width=\"150\" height=\"150\" src=\"https:\/\/ostrowskatv.pl\/wp-content\/uploads\/2018\/03\/ledochow3-150x150.jpg\" class=\"attachment-thumbnail size-thumbnail\" alt=\"\" \/><\/a>\n\t\t\t<\/div><\/figure><figure class='gallery-item'>\n\t\t\t<div class='gallery-icon landscape'>\n\t\t\t\t<a href='https:\/\/ostrowskatv.pl\/?attachment_id=5731'><img loading=\"lazy\" decoding=\"async\" width=\"150\" height=\"150\" src=\"https:\/\/ostrowskatv.pl\/wp-content\/uploads\/2018\/03\/ledochow4-150x150.jpg\" class=\"attachment-thumbnail size-thumbnail\" alt=\"\" \/><\/a>\n\t\t\t<\/div><\/figure><figure class='gallery-item'>\n\t\t\t<div class='gallery-icon landscape'>\n\t\t\t\t<a href='https:\/\/ostrowskatv.pl\/?attachment_id=5734'><img loading=\"lazy\" decoding=\"async\" width=\"150\" height=\"150\" src=\"https:\/\/ostrowskatv.pl\/wp-content\/uploads\/2018\/03\/ledochow1-150x150.jpg\" class=\"attachment-thumbnail size-thumbnail\" alt=\"\" \/><\/a>\n\t\t\t<\/div><\/figure>\n\t\t<\/div>\n\n","protected":false},"excerpt":{"rendered":"W niedziel\u0119 po godzinie 12:00 na skrzy\u017cowaniu ulic Led\u00f3chowskiego i Stra\u017cackiej dosz\u0142o do wypadku. Kierowca z Land Rovera nie ust\u0105pi\u0142 pierwsze\u0144stwa i uderzy\u0142 \n<a class=\"moretag\" href=\"https:\/\/ostrowskatv.pl\/?p=5735\"> [...]<\/a>","protected":false},"author":1,"featured_media":5731,"comment_status":"open","ping_status":"open","sticky":false,"template":"","format":"standard","meta":{"footnotes":""},"categories":[1],"tags":[2],"class_list":["post-5735","post","type-post","status-publish","format-standard","has-post-thumbnail","hentry","category-news","tag-ostrow-wielkopolski"],"_links":{"self":[{"href":"https:\/\/ostrowskatv.pl\/index.php?rest_route=\/wp\/v2\/posts\/5735","targetHints":{"allow":["GET"]}}],"collection":[{"href":"https:\/\/ostrowskatv.pl\/index.php?rest_route=\/wp\/v2\/posts"}],"about":[{"href":"https:\/\/ostrowskatv.pl\/index.php?rest_route=\/wp\/v2\/types\/post"}],"author":[{"embeddable":true,"href":"https:\/\/ostrowskatv.pl\/index.php?rest_route=\/wp\/v2\/users\/1"}],"replies":[{"embeddable":true,"href":"https:\/\/ostrowskatv.pl\/index.php?rest_route=%2Fwp%2Fv2%2Fcomments&post=5735"}],"version-history":[{"count":0,"href":"https:\/\/ostrowskatv.pl\/index.php?rest_route=\/wp\/v2\/posts\/5735\/revisions"}],"wp:featuredmedia":[{"embeddable":true,"href":"https:\/\/ostrowskatv.pl\/index.php?rest_route=\/wp\/v2\/media\/5731"}],"wp:attachment":[{"href":"https:\/\/ostrowskatv.pl\/index.php?rest_route=%2Fwp%2Fv2%2Fmedia&parent=5735"}],"wp:term":[{"taxonomy":"category","embeddable":true,"href":"https:\/\/ostrowskatv.pl\/index.php?rest_route=%2Fwp%2Fv2%2Fcategories&post=5735"},{"taxonomy":"post_tag","embeddable":true,"href":"https:\/\/ostrowskatv.pl\/index.php?rest_route=%2Fwp%2Fv2%2Ftags&post=5735"}],"curies":[{"name":"wp","href":"https:\/\/api.w.org\/{rel}","templated":true}]}}