{"id":573,"date":"2016-03-15T12:12:26","date_gmt":"2016-03-15T11:12:26","guid":{"rendered":"http:\/\/ostrowska.tv\/?p=573"},"modified":"2016-03-15T12:12:26","modified_gmt":"2016-03-15T11:12:26","slug":"nekaja-schorowana-rodzine-uciazliwy-smrod-i-brzeczenie","status":"publish","type":"post","link":"https:\/\/ostrowskatv.pl\/?p=573","title":{"rendered":"N\u0119kaj\u0105 schorowan\u0105 rodzin\u0119. &#8222;Uci\u0105\u017cliwy smr\u00f3d i brz\u0119czenie&#8221;"},"content":{"rendered":"<p><strong>Z nietypowym problemem zmaga si\u0119 rodzina jednego z mieszka\u0144 w bloku przy ulicy Komuny Paryskiej. Do ich lokalu niemal ca\u0142y dzie\u0144 dociera &#8222;uci\u0105\u017cliwy smr\u00f3d i brz\u0119czenie&#8221;. Ma by\u0107 to efekt celowego dzia\u0142ania s\u0105siad\u00f3w.<\/strong><\/p>\n<p>Sprawa trwa od czerwca ubieg\u0142ego roku. W\u0142a\u015bnie wtedy wspomniana na wst\u0119pie rodzina zwr\u00f3ci\u0142a si\u0119 z oficjalnym pismem do Sp\u00f3\u0142dzielni Mieszkaniowej &#8211; osiedle &#8222;Wsch\u00f3d&#8221;. Poprosi\u0142a wtedy o interwencj\u0119 zwi\u0105zan\u0105 z problemem wietrzenia mieszkania spowodowanym fetorem chemikali\u00f3w. Jak przekonuje nas ma\u0142\u017ce\u0144stwo, mia\u0142 on pochodzi\u0107 z jednego z s\u0105siednich mieszka\u0144.<\/p>\n<p>&#8211; Zajmuj\u0105cy ten lokal zachowuj\u0105 si\u0119, jakby mieszkali na w\u0142asnej odr\u0119bnej posesji i nie musieli stosowa\u0107 si\u0119 do regulaminu obowi\u0105zuj\u0105cego w Sp\u00f3\u0142dzielni Mieszkaniowej \u2013 czytamy w pi\u015bmie zdegustowanych mieszka\u0144c\u00f3w. &#8211; Bez skrupu\u0142\u00f3w wykonuj\u0105 prace cha\u0142upnicze. Z naszej wiedzy wynika, \u017ce jest to obr\u00f3bka chemiczna metali \u2013 wyja\u015bniaj\u0105.<\/p>\n<p>Mieszka\u0144cy t\u0142umacz\u0105, \u017ce o szczeg\u00f3\u0142ach prac prowadzonych przez uci\u0105\u017cliwych s\u0105siad\u00f3w wiedz\u0105 od dzia\u0142kowicz\u00f3w, kt\u00f3rym wspomniana rodzina zatruwa\u0142a okoliczne \u015brodowisko. Wtedy jednak zainterweniowa\u0107 mia\u0142 mi\u0119dzy innymi Sanepid i szkodliwa dzia\u0142alno\u015b\u0107 zosta\u0142a przeniesiona w\u0142a\u015bnie do mieszkania.<\/p>\n<p>Nie jest to jednak jedyna kwestia, kt\u00f3ra mia\u0142a zamieni\u0107 \u017cycie rodziny w koszmar. &#8211; Od grudnia 2015 roku w ich mieszkaniu (s\u0105siad\u00f3w) pracuje urz\u0105dzenie powoduj\u0105ce jednostajne buczenie zak\u0142\u00f3caj\u0105ce spok\u00f3j w ca\u0142ym naszym mieszkaniu od rana do p\u00f3\u017anych godzin wieczornych \u2013 wyja\u015bnia ma\u0142\u017ce\u0144stwo, kt\u00f3re na co dzie\u0144 zmaga si\u0119 z powa\u017cnymi dolegliwo\u015bciami zdrowotnymi (stwardnieniem rozsianym i zw\u0142\u00f3knieniem p\u0142uc).<\/p>\n<p>Rodzina zwraca r\u00f3wnie\u017c uwag\u0119, \u017ce smr\u00f3d przedostaje si\u0119 do jej mieszkania z \u0142azienki kominem wentylacyjnym i zatruwa w ten spos\u00f3b powietrze, zw\u0142aszcza przy niskim ci\u015bnieniu powietrza. O interwencj\u0119 w tej sprawie prosi\u0142a dzielnicowego, przedstawicieli Sp\u00f3\u0142dzielni Mieszkaniowej, Powiatowy Inspektorat Nadzoru Budowlanego, a nawet Urz\u0105d Miejski w Ostrowie Wielkopolskim. Przeprowadzona zosta\u0142a nawet wizja lokalna, ale na niewiele si\u0119 to zda\u0142o. Do tej pory nikt nie by\u0142 w stanie ukr\u00f3ci\u0107 uci\u0105\u017cliwych praktyk s\u0105siad\u00f3w. Aktualnie, w okresie zimowym, problemem jest przede wszystkim uci\u0105\u017cliwe brz\u0119czenie. Smr\u00f3d zim\u0105 jest nieodczuwalny i daje o sobie zna\u0107 przede wszystkim w miesi\u0105cach letnich.<\/p>\n<p>Sami sprawdzili\u015bmy problemy z uci\u0105\u017cliwym ha\u0142asem, na kt\u00f3ry uwag\u0119 zwraca rodzina. Bez trudu mo\u017cna stwierdzi\u0107, \u017ce problem rzeczywi\u015bcie wyst\u0119puje. <strong>W tej sytuacji pojawia si\u0119 pytanie, czy kto\u015b w ko\u0144cu zbada spraw\u0119 jak nale\u017cy i wyci\u0105gnie odpowiednie konsekwencje?<\/strong><\/p>\n","protected":false},"excerpt":{"rendered":"Z nietypowym problemem zmaga si\u0119 rodzina jednego z mieszka\u0144 w bloku przy ulicy Komuny Paryskiej. Do ich lokalu niemal ca\u0142y dzie\u0144 dociera &#8222;uci\u0105\u017cliwy \n<a class=\"moretag\" href=\"https:\/\/ostrowskatv.pl\/?p=573\"> [...]<\/a>","protected":false},"author":1,"featured_media":574,"comment_status":"open","ping_status":"open","sticky":false,"template":"","format":"standard","meta":{"footnotes":""},"categories":[1],"tags":[2],"class_list":["post-573","post","type-post","status-publish","format-standard","has-post-thumbnail","hentry","category-news","tag-ostrow-wielkopolski"],"_links":{"self":[{"href":"https:\/\/ostrowskatv.pl\/index.php?rest_route=\/wp\/v2\/posts\/573","targetHints":{"allow":["GET"]}}],"collection":[{"href":"https:\/\/ostrowskatv.pl\/index.php?rest_route=\/wp\/v2\/posts"}],"about":[{"href":"https:\/\/ostrowskatv.pl\/index.php?rest_route=\/wp\/v2\/types\/post"}],"author":[{"embeddable":true,"href":"https:\/\/ostrowskatv.pl\/index.php?rest_route=\/wp\/v2\/users\/1"}],"replies":[{"embeddable":true,"href":"https:\/\/ostrowskatv.pl\/index.php?rest_route=%2Fwp%2Fv2%2Fcomments&post=573"}],"version-history":[{"count":0,"href":"https:\/\/ostrowskatv.pl\/index.php?rest_route=\/wp\/v2\/posts\/573\/revisions"}],"wp:featuredmedia":[{"embeddable":true,"href":"https:\/\/ostrowskatv.pl\/index.php?rest_route=\/wp\/v2\/media\/574"}],"wp:attachment":[{"href":"https:\/\/ostrowskatv.pl\/index.php?rest_route=%2Fwp%2Fv2%2Fmedia&parent=573"}],"wp:term":[{"taxonomy":"category","embeddable":true,"href":"https:\/\/ostrowskatv.pl\/index.php?rest_route=%2Fwp%2Fv2%2Fcategories&post=573"},{"taxonomy":"post_tag","embeddable":true,"href":"https:\/\/ostrowskatv.pl\/index.php?rest_route=%2Fwp%2Fv2%2Ftags&post=573"}],"curies":[{"name":"wp","href":"https:\/\/api.w.org\/{rel}","templated":true}]}}