{"id":5714,"date":"2018-03-02T17:28:50","date_gmt":"2018-03-02T16:28:50","guid":{"rendered":"http:\/\/ostrowska.tv\/?p=5714"},"modified":"2018-03-02T17:28:50","modified_gmt":"2018-03-02T16:28:50","slug":"oficjalnie-zostal-komendantem-ostrowskiej-policji","status":"publish","type":"post","link":"https:\/\/ostrowskatv.pl\/?p=5714","title":{"rendered":"Oficjalnie zosta\u0142 komendantem ostrowskiej policji"},"content":{"rendered":"<p><strong>Oficjalnie komendantem ostrowskiej policji zosta\u0142 m\u0142. inspektor Piotr Wilkowski, do niedawna zast\u0119pca Zbigniewa Raczaka. Starosta Pawe\u0142 Rajski w swoim wyst\u0105pieniu wskazywa\u0142 na wysok\u0105 kultur\u0119 osobist\u0105 Piotra Wilkowskiego. Dodatkowo podkre\u015bla\u0142, \u017ce jest bardzo zadowolony, \u017ce to akurat Piotr Wilkowski zosta\u0142 komendantem w powiecie ostrowskim. Natomiast Komendant Wojew\u00f3dzki zwierzy\u0142 si\u0119, \u017ce Piotra Wilkowskiego pozna\u0142 w czasie dzia\u0142a\u0144 w specjalnym zespole ds. zwalczania z\u0142odziei aut i to w\u0142a\u015bnie tamta znajomo\u015b\u0107 zaowocowa\u0142a obecnym mianowaniem na komendanta powiatowego. Piotr Wilkowski jest \u017conaty i ma dw\u00f3jk\u0119 dzieci. Jego pasj\u0105 jest my\u015blistwo, \u0142owiectwo oraz strzelectwo sportowe.<\/strong><\/p>\n<div id='gallery-1' class='gallery galleryid-5714 gallery-columns-3 gallery-size-thumbnail'><figure class='gallery-item'>\n\t\t\t<div class='gallery-icon landscape'>\n\t\t\t\t<a href='https:\/\/ostrowskatv.pl\/?attachment_id=5715'><img loading=\"lazy\" decoding=\"async\" width=\"150\" height=\"150\" src=\"https:\/\/ostrowskatv.pl\/wp-content\/uploads\/2018\/03\/piotr_wilkowski03-150x150.jpg\" class=\"attachment-thumbnail size-thumbnail\" alt=\"\" \/><\/a>\n\t\t\t<\/div><\/figure><figure class='gallery-item'>\n\t\t\t<div class='gallery-icon landscape'>\n\t\t\t\t<a href='https:\/\/ostrowskatv.pl\/?attachment_id=5716'><img loading=\"lazy\" decoding=\"async\" width=\"150\" height=\"150\" src=\"https:\/\/ostrowskatv.pl\/wp-content\/uploads\/2018\/03\/piotr_wilkowski02-150x150.jpg\" class=\"attachment-thumbnail size-thumbnail\" alt=\"\" \/><\/a>\n\t\t\t<\/div><\/figure><figure class='gallery-item'>\n\t\t\t<div class='gallery-icon landscape'>\n\t\t\t\t<a href='https:\/\/ostrowskatv.pl\/?attachment_id=5717'><img loading=\"lazy\" decoding=\"async\" width=\"150\" height=\"150\" src=\"https:\/\/ostrowskatv.pl\/wp-content\/uploads\/2018\/03\/piotr_wilkowski01-150x150.jpg\" class=\"attachment-thumbnail size-thumbnail\" alt=\"\" \/><\/a>\n\t\t\t<\/div><\/figure>\n\t\t<\/div>\n\n<p>Ponad 26-letni sta\u017c w s\u0142u\u017cbie w policji. S\u0142u\u017cb\u0119 rozpoczyna\u0142 we wrze\u015bniu 1991 r. Od pocz\u0105tku by\u0142 zwi\u0105zany z jednostk\u0105 policji w Ostrowie Wielkopolskim. Wtedy te\u017c rozpocz\u0105\u0142 studia na wy\u017cszej szkole w Szczytnie, ko\u0144cz\u0105c je w 1995 roku z I stopniem oficerskim podkomisarza policji. Nast\u0119pnie kontynuowa\u0142 nauk\u0119 na Wydziale Prawa i Administracji na Uniwersytecie \u0141\u00f3dzkim, zdobywaj\u0105c w 1998 roku tytu\u0142 magistra.<\/p>\n<p>W Wydziale Dochodzeniowo-\u015aledczym prowadzi\u0142 post\u0119powania przygotowawcze o ci\u0119\u017ckim charakterze gatunkowym. Wielokrotnie nagradzany i awansowany na kolejne stopnie zawodowe.<br \/>\nW latach 2007-2010 wchodzi\u0142 w sk\u0142ad grupy operacyjno-dochodzeniowej powo\u0142anej powo\u0142anego przez wielkopolskiego komendanta policji w Poznaniu w celu zlikwidowania zorganizowanej grupy przest\u0119pczej zajmuj\u0105cej si\u0119 kradzie\u017cami pojazd\u00f3w na terenie Francji i Niemiec oraz ich legalizacji w Polsce. Efektem pracy by\u0142o zatrzymanie 38 podejrzanych, kt\u00f3rym zarzucono pope\u0142nienie 1089 przest\u0119pstw.<\/p>\n<p>Do\u015bwiadczenie i umiej\u0119tno\u015bci zawodowe, kt\u00f3re naby\u0142 w okresie oraz wzorowa realizacja na\u0142o\u017conych obowi\u0105zk\u00f3w s\u0142u\u017cbowych by\u0142y podstaw\u0105 powo\u0142ania m\u0142odszego inspektora Piotra Wilkowskiego w lipcu 2011 r. na stanowisko komendanta komisariatu w Odolanowie. Wtedy te\u017c potwierdzi\u0142 zarz\u0105dzanie jednostk\u0105 oraz zasobami ludzkimi.<\/p>\n<p>Efektem by\u0142o powo\u0142anie w kwietniu 2015 r. na stanowisko I zast\u0119pcy komendanta powiatowego. Sprawowa\u0142 nadz\u00f3r nad dzia\u0142em prewencji i komisariatami. Wtedy te\u017c dzia\u0142 prewencji oraz ruch drogowy, a tak\u017ce komisariaty zrealizowa\u0142y wi\u0119kszo\u015b\u0107 miernik\u00f3w i wska\u017anik\u00f3w ocennych, co przek\u0142ada\u0142o si\u0119 na wysokie oceny ostrowskiej komendy wyr\u00f3\u017cniaj\u0105cej si\u0119 w\u015br\u00f3d garnizonu Wielkopolskiego.<\/p>\n<p>Od czerwca 2017 r. Piotr Wilkowski zosta\u0142 mianowany na pe\u0142ni\u0105cego obowi\u0105zki komendanta ostrowskiej jednostki, z powodu przeniesienia Zbigniewa Raczaka do KMP we Wroc\u0142awiu. Przez ostatni czas mia\u0142 zbli\u017ca\u0107 policj\u0119 do obywatela. Organizowa\u0142 spotkania z seniorami i innymi grupami spo\u0142ecznymi.<\/p>\n","protected":false},"excerpt":{"rendered":"Oficjalnie komendantem ostrowskiej policji zosta\u0142 m\u0142. inspektor Piotr Wilkowski, do niedawna zast\u0119pca Zbigniewa Raczaka. Starosta Pawe\u0142 Rajski w swoim wyst\u0105pieniu wskazywa\u0142 na wysok\u0105 \n<a class=\"moretag\" href=\"https:\/\/ostrowskatv.pl\/?p=5714\"> [...]<\/a>","protected":false},"author":1,"featured_media":5716,"comment_status":"open","ping_status":"open","sticky":false,"template":"","format":"standard","meta":{"footnotes":""},"categories":[1],"tags":[2],"class_list":["post-5714","post","type-post","status-publish","format-standard","has-post-thumbnail","hentry","category-news","tag-ostrow-wielkopolski"],"_links":{"self":[{"href":"https:\/\/ostrowskatv.pl\/index.php?rest_route=\/wp\/v2\/posts\/5714","targetHints":{"allow":["GET"]}}],"collection":[{"href":"https:\/\/ostrowskatv.pl\/index.php?rest_route=\/wp\/v2\/posts"}],"about":[{"href":"https:\/\/ostrowskatv.pl\/index.php?rest_route=\/wp\/v2\/types\/post"}],"author":[{"embeddable":true,"href":"https:\/\/ostrowskatv.pl\/index.php?rest_route=\/wp\/v2\/users\/1"}],"replies":[{"embeddable":true,"href":"https:\/\/ostrowskatv.pl\/index.php?rest_route=%2Fwp%2Fv2%2Fcomments&post=5714"}],"version-history":[{"count":0,"href":"https:\/\/ostrowskatv.pl\/index.php?rest_route=\/wp\/v2\/posts\/5714\/revisions"}],"wp:featuredmedia":[{"embeddable":true,"href":"https:\/\/ostrowskatv.pl\/index.php?rest_route=\/wp\/v2\/media\/5716"}],"wp:attachment":[{"href":"https:\/\/ostrowskatv.pl\/index.php?rest_route=%2Fwp%2Fv2%2Fmedia&parent=5714"}],"wp:term":[{"taxonomy":"category","embeddable":true,"href":"https:\/\/ostrowskatv.pl\/index.php?rest_route=%2Fwp%2Fv2%2Fcategories&post=5714"},{"taxonomy":"post_tag","embeddable":true,"href":"https:\/\/ostrowskatv.pl\/index.php?rest_route=%2Fwp%2Fv2%2Ftags&post=5714"}],"curies":[{"name":"wp","href":"https:\/\/api.w.org\/{rel}","templated":true}]}}