{"id":5703,"date":"2018-02-24T11:48:37","date_gmt":"2018-02-24T10:48:37","guid":{"rendered":"http:\/\/ostrowska.tv\/?p=5703"},"modified":"2018-02-24T12:29:56","modified_gmt":"2018-02-24T11:29:56","slug":"pozar-domu-w-ostrowie-wlkp","status":"publish","type":"post","link":"https:\/\/ostrowskatv.pl\/?p=5703","title":{"rendered":"Po\u017car domu w Ostrowie Wlkp."},"content":{"rendered":"<p><strong>W sobot\u0119 przed po\u0142udniem dosz\u0142o do po\u017caru budynku mieszkalnego w zabudowie szeregowej przy ul. Ch\u0142opskiej w Ostrowie Wlkp. Sp\u0142on\u0119\u0142o zamieszka\u0142e poddasze. Lokatorzy opu\u015bcili budynek.<\/strong><\/p>\n<div id='gallery-1' class='gallery galleryid-5703 gallery-columns-3 gallery-size-thumbnail'><figure class='gallery-item'>\n\t\t\t<div class='gallery-icon landscape'>\n\t\t\t\t<a href='https:\/\/ostrowskatv.pl\/?attachment_id=5702'><img loading=\"lazy\" decoding=\"async\" width=\"150\" height=\"150\" src=\"https:\/\/ostrowskatv.pl\/wp-content\/uploads\/2018\/02\/chlopska-150x150.jpg\" class=\"attachment-thumbnail size-thumbnail\" alt=\"\" \/><\/a>\n\t\t\t<\/div><\/figure>\n\t\t<\/div>\n\n","protected":false},"excerpt":{"rendered":"W sobot\u0119 przed po\u0142udniem dosz\u0142o do po\u017caru budynku mieszkalnego w zabudowie szeregowej przy ul. Ch\u0142opskiej w Ostrowie Wlkp. Sp\u0142on\u0119\u0142o zamieszka\u0142e poddasze. Lokatorzy opu\u015bcili \n<a class=\"moretag\" href=\"https:\/\/ostrowskatv.pl\/?p=5703\"> [...]<\/a>","protected":false},"author":1,"featured_media":5702,"comment_status":"open","ping_status":"open","sticky":false,"template":"","format":"standard","meta":{"footnotes":""},"categories":[1],"tags":[2],"class_list":["post-5703","post","type-post","status-publish","format-standard","has-post-thumbnail","hentry","category-news","tag-ostrow-wielkopolski"],"_links":{"self":[{"href":"https:\/\/ostrowskatv.pl\/index.php?rest_route=\/wp\/v2\/posts\/5703","targetHints":{"allow":["GET"]}}],"collection":[{"href":"https:\/\/ostrowskatv.pl\/index.php?rest_route=\/wp\/v2\/posts"}],"about":[{"href":"https:\/\/ostrowskatv.pl\/index.php?rest_route=\/wp\/v2\/types\/post"}],"author":[{"embeddable":true,"href":"https:\/\/ostrowskatv.pl\/index.php?rest_route=\/wp\/v2\/users\/1"}],"replies":[{"embeddable":true,"href":"https:\/\/ostrowskatv.pl\/index.php?rest_route=%2Fwp%2Fv2%2Fcomments&post=5703"}],"version-history":[{"count":0,"href":"https:\/\/ostrowskatv.pl\/index.php?rest_route=\/wp\/v2\/posts\/5703\/revisions"}],"wp:featuredmedia":[{"embeddable":true,"href":"https:\/\/ostrowskatv.pl\/index.php?rest_route=\/wp\/v2\/media\/5702"}],"wp:attachment":[{"href":"https:\/\/ostrowskatv.pl\/index.php?rest_route=%2Fwp%2Fv2%2Fmedia&parent=5703"}],"wp:term":[{"taxonomy":"category","embeddable":true,"href":"https:\/\/ostrowskatv.pl\/index.php?rest_route=%2Fwp%2Fv2%2Fcategories&post=5703"},{"taxonomy":"post_tag","embeddable":true,"href":"https:\/\/ostrowskatv.pl\/index.php?rest_route=%2Fwp%2Fv2%2Ftags&post=5703"}],"curies":[{"name":"wp","href":"https:\/\/api.w.org\/{rel}","templated":true}]}}