{"id":570,"date":"2016-03-14T19:57:01","date_gmt":"2016-03-14T18:57:01","guid":{"rendered":"http:\/\/ostrowska.tv\/?p=570"},"modified":"2016-03-14T19:57:01","modified_gmt":"2016-03-14T18:57:01","slug":"ronda-bez-nazw-to-niemozliwe","status":"publish","type":"post","link":"https:\/\/ostrowskatv.pl\/?p=570","title":{"rendered":"Ronda bez nazw? To niemo\u017cliwe"},"content":{"rendered":"<p><strong>Jeden z radnych zaproponowa\u0142 niedawno, by nowe ronda w naszym mie\u015bcie nie mia\u0142y nadawanych nazw. Mia\u0142o to pozwoli\u0107 na unikni\u0119cie kontrowersji. Ju\u017c teraz wiemy jednak, \u017ce takie rozwi\u0105zanie nie jest mo\u017cliwe.<\/strong><\/p>\n<p>Temat nadawania nazw budzi\u0142 ju\u017c wiele razy kontrowersje. Po raz ostatni, kiedy trzeba by\u0142o nazwa\u0107 okr\u0105g\u0142e skrzy\u017cowanie u zbiegu ulic Partyzancka, Zamenhofa i Wolno\u015bci. Ostatecznie ustalono, \u017ce b\u0119dzie to Rondo pp\u0142k. Jana Kami\u0144skiego, cho\u0107 zupe\u0142nie inn\u0105 opini\u0119 w tej sprawie przedstawi\u0142a Rada Osiedla. Radni zwracali uwag\u0119, \u017ce nie nale\u017cy jej pomija\u0107 i lepiej zrezygnowa\u0107 z nadawania nazwy w og\u00f3le, by unikn\u0105\u0107 spor\u00f3w. Jak si\u0119 jednak okazuje, taka praktyka nie jest mo\u017cliwa.<\/p>\n<p>&#8211; Uchwa\u0142y m.in. w sprawach nazw ulic oraz rond opiniuje Komisja dora\u017ana ds. nazewnictwa ulic i plac\u00f3w oraz kultywowania tradycji lokalnych Rady Miejskiej Ostrowa Wielkopolskiego, nast\u0119pnie trafiaj\u0105 one pod obrady Rady Miejskiej Ostrowa Wielkopolskiego \u2013 wyja\u015bnia nam Artur Ko\u0142aci\u0144ski z Biura Prasowego Urz\u0119du Miejskiego w Ostrowie Wielkopolskim. &#8211; Zgodnie z aktualn\u0105 uchwa\u0142\u0105 (7 s\u0119dzi\u00f3w) Naczelnego S\u0105du Administracyjnego w Warszawie z dnia 11 kwietnia 2005 r., sygn. akt II OPS 2\/05, Lex, przez ulice nale\u017cy rozumie\u0107 r\u00f3wnie\u017c ronda uliczne. W zwi\u0105zku z czym, do kompetencji gminy nale\u017cy tak\u017ce nadawanie nazw rondom. Nadawanie nazw ulicom jest konieczne m.in. z uwagi na obowi\u0105zek wykonywania zada\u0144 w\u0142asnych gminy wynikaj\u0105cych z art. 47a ust. 1 ustawy z dnia 17 maja 1989 r. Prawo geodezyjne i kartograficzne (Dz. U. z 2015 r., poz. 520 z p\u00f3\u017an. zm.) &#8211; dodaje Artur Ko\u0142aci\u0144ski.<\/p>\n<p><strong>Zatem w ten spos\u00f3b radni problemu nie unikn\u0105. Czy w przysz\u0142o\u015bci przy nadawaniu nazw kierowa\u0107 powinni si\u0119 przede wszystkim w\u0142asnym rozs\u0105dkiem czy zdaniem rady osiedla? Zach\u0119camy do dyskusji w komentarzach.<\/strong><\/p>\n","protected":false},"excerpt":{"rendered":"Jeden z radnych zaproponowa\u0142 niedawno, by nowe ronda w naszym mie\u015bcie nie mia\u0142y nadawanych nazw. Mia\u0142o to pozwoli\u0107 na unikni\u0119cie kontrowersji. Ju\u017c teraz \n<a class=\"moretag\" href=\"https:\/\/ostrowskatv.pl\/?p=570\"> [...]<\/a>","protected":false},"author":1,"featured_media":571,"comment_status":"open","ping_status":"open","sticky":false,"template":"","format":"standard","meta":{"footnotes":""},"categories":[1],"tags":[2],"class_list":["post-570","post","type-post","status-publish","format-standard","has-post-thumbnail","hentry","category-news","tag-ostrow-wielkopolski"],"_links":{"self":[{"href":"https:\/\/ostrowskatv.pl\/index.php?rest_route=\/wp\/v2\/posts\/570","targetHints":{"allow":["GET"]}}],"collection":[{"href":"https:\/\/ostrowskatv.pl\/index.php?rest_route=\/wp\/v2\/posts"}],"about":[{"href":"https:\/\/ostrowskatv.pl\/index.php?rest_route=\/wp\/v2\/types\/post"}],"author":[{"embeddable":true,"href":"https:\/\/ostrowskatv.pl\/index.php?rest_route=\/wp\/v2\/users\/1"}],"replies":[{"embeddable":true,"href":"https:\/\/ostrowskatv.pl\/index.php?rest_route=%2Fwp%2Fv2%2Fcomments&post=570"}],"version-history":[{"count":0,"href":"https:\/\/ostrowskatv.pl\/index.php?rest_route=\/wp\/v2\/posts\/570\/revisions"}],"wp:featuredmedia":[{"embeddable":true,"href":"https:\/\/ostrowskatv.pl\/index.php?rest_route=\/wp\/v2\/media\/571"}],"wp:attachment":[{"href":"https:\/\/ostrowskatv.pl\/index.php?rest_route=%2Fwp%2Fv2%2Fmedia&parent=570"}],"wp:term":[{"taxonomy":"category","embeddable":true,"href":"https:\/\/ostrowskatv.pl\/index.php?rest_route=%2Fwp%2Fv2%2Fcategories&post=570"},{"taxonomy":"post_tag","embeddable":true,"href":"https:\/\/ostrowskatv.pl\/index.php?rest_route=%2Fwp%2Fv2%2Ftags&post=570"}],"curies":[{"name":"wp","href":"https:\/\/api.w.org\/{rel}","templated":true}]}}